{"id":1047,"date":"2025-10-30T11:54:17","date_gmt":"2025-10-30T10:54:17","guid":{"rendered":"https:\/\/vrtecskofije.splet.arnes.si\/?p=1047"},"modified":"2025-11-05T12:01:17","modified_gmt":"2025-11-05T11:01:17","slug":"oktober-pri-mravljah","status":"publish","type":"post","link":"https:\/\/vrtec-skofije.si\/?p=1047","title":{"rendered":"OKTOBER PRI MRAVLJAH"},"content":{"rendered":"<p style=\"text-align: justify\">V mesecu pre\u010dudovitih barv in jesenskega vetra smo pridno nabirali in prina\u0161ali v vrtec jesenske plodove. Poimenovali smo jih, se igrali z njimi, otipali, vonjali, ustvarjali vzorce. Nau\u010dili smo se kar nekaj pesmic in deklamacij o jeseni. Rezali smo sadje in si pripravili kompot. Z njim smo se okrep\u010dali po no\u010dnem pohodu z lanternami, ki smo jih sami izdelali. Pohoda se je udele\u017eilo veliko star\u0161ev in otrok, pridru\u017eile so se nam tudi babice, dedki, tete in strici tako, da bi ga lahko poimenovali kar Medgeneracijski pohod. Prebrali smo zgodbo o Je\u017eku Sne\u017eku, ki gasi po\u017ear ter se pogovarjali o tem in izvedli Evakuacijo. Spoznali smo gasilce in njihovo vozilo. Ob tednu otroka smo se z avtobusom odpeljali v mesto Koper. Ogledali smo si predstavo Mehur\u010dki, ter nekaj znamenitosti mesta Koper. Zelo smo bili navdu\u0161eni nad predstavo &#8220;Laboda&#8221; v Ankaranu. Otroci so morje tudi narisali.<\/p>\nngg_shortcode_0_placeholder\n<p style=\"text-align: right\">Leonida, Admira, Rebeka.<\/p>\n","protected":false},"excerpt":{"rendered":"<p>V mesecu pre\u010dudovitih barv in jesenskega vetra smo pridno nabirali in prina\u0161ali v vrtec jesenske plodove. Poimenovali smo jih, se igrali z njimi, otipali, vonjali, ustvarjali vzorce. Nau\u010dili smo se [&hellip;]<\/p>\n","protected":false},"author":58769,"featured_media":1059,"comment_status":"open","ping_status":"open","sticky":false,"template":"","format":"standard","meta":{"ngg_post_thumbnail":0,"footnotes":""},"categories":[8,10],"tags":[],"class_list":["post-1047","post","type-post","status-publish","format-standard","has-post-thumbnail","hentry","category-novice","category-prva-stran"],"_links":{"self":[{"href":"https:\/\/vrtec-skofije.si\/index.php?rest_route=\/wp\/v2\/posts\/1047","targetHints":{"allow":["GET"]}}],"collection":[{"href":"https:\/\/vrtec-skofije.si\/index.php?rest_route=\/wp\/v2\/posts"}],"about":[{"href":"https:\/\/vrtec-skofije.si\/index.php?rest_route=\/wp\/v2\/types\/post"}],"author":[{"embeddable":true,"href":"https:\/\/vrtec-skofije.si\/index.php?rest_route=\/wp\/v2\/users\/58769"}],"replies":[{"embeddable":true,"href":"https:\/\/vrtec-skofije.si\/index.php?rest_route=%2Fwp%2Fv2%2Fcomments&post=1047"}],"version-history":[{"count":2,"href":"https:\/\/vrtec-skofije.si\/index.php?rest_route=\/wp\/v2\/posts\/1047\/revisions"}],"predecessor-version":[{"id":1061,"href":"https:\/\/vrtec-skofije.si\/index.php?rest_route=\/wp\/v2\/posts\/1047\/revisions\/1061"}],"wp:featuredmedia":[{"embeddable":true,"href":"https:\/\/vrtec-skofije.si\/index.php?rest_route=\/wp\/v2\/media\/1059"}],"wp:attachment":[{"href":"https:\/\/vrtec-skofije.si\/index.php?rest_route=%2Fwp%2Fv2%2Fmedia&parent=1047"}],"wp:term":[{"taxonomy":"category","embeddable":true,"href":"https:\/\/vrtec-skofije.si\/index.php?rest_route=%2Fwp%2Fv2%2Fcategories&post=1047"},{"taxonomy":"post_tag","embeddable":true,"href":"https:\/\/vrtec-skofije.si\/index.php?rest_route=%2Fwp%2Fv2%2Ftags&post=1047"}],"curies":[{"name":"wp","href":"https:\/\/api.w.org\/{rel}","templated":true}]}}