{"id":1090,"date":"2025-10-24T16:50:15","date_gmt":"2025-10-24T14:50:15","guid":{"rendered":"https:\/\/vrtecskofije.splet.arnes.si\/?p=1090"},"modified":"2025-11-05T16:56:46","modified_gmt":"2025-11-05T15:56:46","slug":"pohod-na-istrska-usesa","status":"publish","type":"post","link":"https:\/\/vrtec-skofije.si\/?p=1090","title":{"rendered":"POHOD NA ISTRSKA U\u0160ESA"},"content":{"rendered":"<p dir=\"auto\" style=\"text-align: justify\">Pohodni\u0161ka skupina na\u0161ega vrtca se je v soboto, 11. oktobra 2025, podala&nbsp;na na\u0161 prvi pohod \u2013 proti&nbsp;<strong>Istrskim u\u0161esom<\/strong>&nbsp;iz smeri vasi&nbsp;Dvori. Pot je bila ravno prav zahtevna za za\u010detek, saj smo z njo preverili, \u00bbiz kak\u0161nega testa smo\u00ab kot pohodniki in ali smo pripravljeni na izzive, ki nas \u010dakajo skozi leto.<\/p>\n<p style=\"text-align: justify\">Med potjo smo lahko opazili, da tukaj poteka del&nbsp;u\u010dne poti, kjer so ozna\u010dena&nbsp;razli\u010dna drevesa in grmi, kar je na\u0161o hojo \u0161e dodatno popestrilo in nam ponudilo prilo\u017enost, da smo spoznali nekaj zanimivosti o naravi, ki nas obdaja.<\/p>\n<p style=\"text-align: justify\">Z veseljem lahko re\u010demo, da smo preizkus opravili z odliko \u2013 pokazali smo, da smo&nbsp;<strong>pravi pohodniki<\/strong>! Na cilju smo si privo\u0161\u010dili kraj\u0161i po\u010ditek in malico pod mogo\u010dnimi Istrskimi u\u0161esi, se skupaj fotografirali ter u\u017eivali v&nbsp;\u010dudovitem razgledu in prijetnem vremenu.<\/p>\n<p style=\"text-align: justify\">Z nasmehom na obrazu in veliko dobre volje \u017ee&nbsp;komaj \u010dakamo naslednje pohode, ki nas \u010dakajo v tem \u0161olskem letu!&nbsp;<\/p>\n<p style=\"text-align: right\">Vzgojiteljice Ana Vilhar, Monika Jerman&nbsp;in Sara Stani\u0107<\/p>\nngg_shortcode_0_placeholder\n","protected":false},"excerpt":{"rendered":"<p>Pohodni\u0161ka skupina na\u0161ega vrtca se je v soboto, 11. oktobra 2025, podala&nbsp;na na\u0161 prvi pohod \u2013 proti&nbsp;Istrskim u\u0161esom&nbsp;iz smeri vasi&nbsp;Dvori. Pot je bila ravno prav zahtevna za za\u010detek, saj smo [&hellip;]<\/p>\n","protected":false},"author":58769,"featured_media":1098,"comment_status":"open","ping_status":"open","sticky":false,"template":"","format":"standard","meta":{"ngg_post_thumbnail":0,"footnotes":""},"categories":[8,10],"tags":[],"class_list":["post-1090","post","type-post","status-publish","format-standard","has-post-thumbnail","hentry","category-novice","category-prva-stran"],"_links":{"self":[{"href":"https:\/\/vrtec-skofije.si\/index.php?rest_route=\/wp\/v2\/posts\/1090","targetHints":{"allow":["GET"]}}],"collection":[{"href":"https:\/\/vrtec-skofije.si\/index.php?rest_route=\/wp\/v2\/posts"}],"about":[{"href":"https:\/\/vrtec-skofije.si\/index.php?rest_route=\/wp\/v2\/types\/post"}],"author":[{"embeddable":true,"href":"https:\/\/vrtec-skofije.si\/index.php?rest_route=\/wp\/v2\/users\/58769"}],"replies":[{"embeddable":true,"href":"https:\/\/vrtec-skofije.si\/index.php?rest_route=%2Fwp%2Fv2%2Fcomments&post=1090"}],"version-history":[{"count":1,"href":"https:\/\/vrtec-skofije.si\/index.php?rest_route=\/wp\/v2\/posts\/1090\/revisions"}],"predecessor-version":[{"id":1099,"href":"https:\/\/vrtec-skofije.si\/index.php?rest_route=\/wp\/v2\/posts\/1090\/revisions\/1099"}],"wp:featuredmedia":[{"embeddable":true,"href":"https:\/\/vrtec-skofije.si\/index.php?rest_route=\/wp\/v2\/media\/1098"}],"wp:attachment":[{"href":"https:\/\/vrtec-skofije.si\/index.php?rest_route=%2Fwp%2Fv2%2Fmedia&parent=1090"}],"wp:term":[{"taxonomy":"category","embeddable":true,"href":"https:\/\/vrtec-skofije.si\/index.php?rest_route=%2Fwp%2Fv2%2Fcategories&post=1090"},{"taxonomy":"post_tag","embeddable":true,"href":"https:\/\/vrtec-skofije.si\/index.php?rest_route=%2Fwp%2Fv2%2Ftags&post=1090"}],"curies":[{"name":"wp","href":"https:\/\/api.w.org\/{rel}","templated":true}]}}