{"id":1114,"date":"2025-10-20T08:05:03","date_gmt":"2025-10-20T06:05:03","guid":{"rendered":"https:\/\/vrtecskofije.splet.arnes.si\/?p=1114"},"modified":"2025-11-14T08:07:24","modified_gmt":"2025-11-14T07:07:24","slug":"teden-otroka-v-nasem-vrtcu-2","status":"publish","type":"post","link":"https:\/\/vrtec-skofije.si\/?p=1114","title":{"rendered":"TEDEN OTROKA V NA\u0160EM VRTCU"},"content":{"rendered":"<p>V tednu od 6. do 12. oktobra 2025 smo v na\u0161em vrtcu obele\u017eili Teden otroka, ki je potekal pod lepim in navdihujo\u010dim sloganom <strong>\u00bbPrijaznost ti bo krila dala \u2013 vedno reci prosim in hvala.\u00ab<\/strong><\/p>\n<p>V tem tednu smo se z otroki veliko pogovarjali o prijaznosti, spo\u0161tovanju, prijateljstvu in lepih besedah, ki nas povezujejo in razveseljujejo.<br \/>\nTeden smo pri\u010deli s skupnim sre\u010danjem v telovadnici, kjer smo zapeli pesem prijateljstva in ustvarili mavrico prijateljstva iz otro\u0161kih odtisov rok. Ta mavrica zdaj krasi na\u0161o telovadnico in nas vsak dan spominja, kako pomembno je, da smo drug do drugega prijazni.<\/p>\n<p>Starej\u0161e skupine so se z avtobusom odpravile na izlet v Adrio Ankaran, kjer so ob morju pre\u017eiveli \u010dudovit dan poln raziskovanja, gibanja in dru\u017eenja. Mlaj\u0161i otroci so se medtem razveselili \u0161portnega dopoldneva na vrt\u010devskem igri\u0161\u010du, kjer so skozi razli\u010dne igre in izzive krepili prijateljske vezi in veselje do gibanja.<\/p>\n<p>Teden smo zaklju\u010dili v znamenju dramske umetnosti \u2013 mlaj\u0161i otroci so si ogledali lutkovno predstavo \u00bbPod medvedovim de\u017enikom\u00ab, starej\u0161i pa so obiskali Gledali\u0161\u010de Koper, kjer so u\u017eivali ob predstavi \u00bbMehur\u010dki\u00ab.<\/p>\n<p>Za nami je \u010dudovit teden, poln prijaznosti, nasmehov in prijetnih do\u017eivetij. Skupaj smo znova dokazali, da majhna dejanja prijaznosti gradijo velike mavrice prijateljstva.<\/p>\nngg_shortcode_0_placeholder\n","protected":false},"excerpt":{"rendered":"<p>V tednu od 6. do 12. oktobra 2025 smo v na\u0161em vrtcu obele\u017eili Teden otroka, ki je potekal pod lepim in navdihujo\u010dim sloganom \u00bbPrijaznost ti bo krila dala \u2013 vedno [&hellip;]<\/p>\n","protected":false},"author":58769,"featured_media":1145,"comment_status":"open","ping_status":"open","sticky":false,"template":"","format":"standard","meta":{"ngg_post_thumbnail":0,"footnotes":""},"categories":[8,10],"tags":[],"class_list":["post-1114","post","type-post","status-publish","format-standard","has-post-thumbnail","hentry","category-novice","category-prva-stran"],"_links":{"self":[{"href":"https:\/\/vrtec-skofije.si\/index.php?rest_route=\/wp\/v2\/posts\/1114","targetHints":{"allow":["GET"]}}],"collection":[{"href":"https:\/\/vrtec-skofije.si\/index.php?rest_route=\/wp\/v2\/posts"}],"about":[{"href":"https:\/\/vrtec-skofije.si\/index.php?rest_route=\/wp\/v2\/types\/post"}],"author":[{"embeddable":true,"href":"https:\/\/vrtec-skofije.si\/index.php?rest_route=\/wp\/v2\/users\/58769"}],"replies":[{"embeddable":true,"href":"https:\/\/vrtec-skofije.si\/index.php?rest_route=%2Fwp%2Fv2%2Fcomments&post=1114"}],"version-history":[{"count":1,"href":"https:\/\/vrtec-skofije.si\/index.php?rest_route=\/wp\/v2\/posts\/1114\/revisions"}],"predecessor-version":[{"id":1146,"href":"https:\/\/vrtec-skofije.si\/index.php?rest_route=\/wp\/v2\/posts\/1114\/revisions\/1146"}],"wp:featuredmedia":[{"embeddable":true,"href":"https:\/\/vrtec-skofije.si\/index.php?rest_route=\/wp\/v2\/media\/1145"}],"wp:attachment":[{"href":"https:\/\/vrtec-skofije.si\/index.php?rest_route=%2Fwp%2Fv2%2Fmedia&parent=1114"}],"wp:term":[{"taxonomy":"category","embeddable":true,"href":"https:\/\/vrtec-skofije.si\/index.php?rest_route=%2Fwp%2Fv2%2Fcategories&post=1114"},{"taxonomy":"post_tag","embeddable":true,"href":"https:\/\/vrtec-skofije.si\/index.php?rest_route=%2Fwp%2Fv2%2Ftags&post=1114"}],"curies":[{"name":"wp","href":"https:\/\/api.w.org\/{rel}","templated":true}]}}