{"id":1147,"date":"2025-11-03T08:07:56","date_gmt":"2025-11-03T07:07:56","guid":{"rendered":"https:\/\/vrtecskofije.splet.arnes.si\/?p=1147"},"modified":"2025-11-21T13:45:52","modified_gmt":"2025-11-21T12:45:52","slug":"kaj-se-skriva-pod-medvedovim-deznikom","status":"publish","type":"post","link":"https:\/\/vrtec-skofije.si\/?p=1147","title":{"rendered":"KAJ SE SKRIVA POD MEDVEDOVIM DE\u017dNIKOM?"},"content":{"rendered":"<p style=\"text-align: justify\">V tednu otroka smo izvedli prvo lutkovno predstavo za na\u0161e najmlaj\u0161e z naslovom \u00bbPod medvedovim de\u017enikom\u00ab.<\/p>\n<p style=\"text-align: justify\">Predstava je bila preprosta, ne\u017ena in otrokom zelo blizu, saj so v njej spoznavali prijateljstvo, pomo\u010d in toplino, ki si jo lahko delimo tudi v de\u017eju.<\/p>\n<p style=\"text-align: justify\">Otroci so med gledanjem spoznavali in poimenovali dve osnovni \u010dustvi \u2013 veselje in \u017ealost \u2013 ter jih posku\u0161ali prepoznati na likih in v samih situacijah zgodbe. Z zanimanjem so spremljali dogajanje, se ob dolo\u010denih prizorih spontano odzivali ter pokazali veliko zbranosti in navdu\u0161enja. Predstava je bila lep uvod v svet gledali\u0161\u010da in lutk, saj je otrokom omogo\u010dila prvo izku\u0161njo \u010dustvenega do\u017eivljanja zgodbe, hkrati pa spodbudila domi\u0161ljijo in razvijala njihov govorni izraz.<\/p>\nngg_shortcode_0_placeholder\n","protected":false},"excerpt":{"rendered":"<p>V tednu otroka smo izvedli prvo lutkovno predstavo za na\u0161e najmlaj\u0161e z naslovom \u00bbPod medvedovim de\u017enikom\u00ab. Predstava je bila preprosta, ne\u017ena in otrokom zelo blizu, saj so v njej spoznavali [&hellip;]<\/p>\n","protected":false},"author":58769,"featured_media":1156,"comment_status":"open","ping_status":"open","sticky":false,"template":"","format":"standard","meta":{"ngg_post_thumbnail":0,"footnotes":""},"categories":[8,10],"tags":[],"class_list":["post-1147","post","type-post","status-publish","format-standard","has-post-thumbnail","hentry","category-novice","category-prva-stran"],"_links":{"self":[{"href":"https:\/\/vrtec-skofije.si\/index.php?rest_route=\/wp\/v2\/posts\/1147","targetHints":{"allow":["GET"]}}],"collection":[{"href":"https:\/\/vrtec-skofije.si\/index.php?rest_route=\/wp\/v2\/posts"}],"about":[{"href":"https:\/\/vrtec-skofije.si\/index.php?rest_route=\/wp\/v2\/types\/post"}],"author":[{"embeddable":true,"href":"https:\/\/vrtec-skofije.si\/index.php?rest_route=\/wp\/v2\/users\/58769"}],"replies":[{"embeddable":true,"href":"https:\/\/vrtec-skofije.si\/index.php?rest_route=%2Fwp%2Fv2%2Fcomments&post=1147"}],"version-history":[{"count":2,"href":"https:\/\/vrtec-skofije.si\/index.php?rest_route=\/wp\/v2\/posts\/1147\/revisions"}],"predecessor-version":[{"id":1195,"href":"https:\/\/vrtec-skofije.si\/index.php?rest_route=\/wp\/v2\/posts\/1147\/revisions\/1195"}],"wp:featuredmedia":[{"embeddable":true,"href":"https:\/\/vrtec-skofije.si\/index.php?rest_route=\/wp\/v2\/media\/1156"}],"wp:attachment":[{"href":"https:\/\/vrtec-skofije.si\/index.php?rest_route=%2Fwp%2Fv2%2Fmedia&parent=1147"}],"wp:term":[{"taxonomy":"category","embeddable":true,"href":"https:\/\/vrtec-skofije.si\/index.php?rest_route=%2Fwp%2Fv2%2Fcategories&post=1147"},{"taxonomy":"post_tag","embeddable":true,"href":"https:\/\/vrtec-skofije.si\/index.php?rest_route=%2Fwp%2Fv2%2Ftags&post=1147"}],"curies":[{"name":"wp","href":"https:\/\/api.w.org\/{rel}","templated":true}]}}