{"id":1414,"date":"2025-12-15T15:20:36","date_gmt":"2025-12-15T14:20:36","guid":{"rendered":"https:\/\/vrtecskofije.splet.arnes.si\/?p=1414"},"modified":"2025-12-19T15:23:24","modified_gmt":"2025-12-19T14:23:24","slug":"novoletne-ustvarjalne-delavnice","status":"publish","type":"post","link":"https:\/\/vrtec-skofije.si\/?p=1414","title":{"rendered":"NOVOLETNE USTVARJALNE DELAVNICE"},"content":{"rendered":"<p style=\"text-align: justify\">V decembru smo v vrtcu pripravili novoletne ustvarjalne delavnice, kjer smo skupaj z otroki in star\u0161i izdelovali prazni\u010dne \u0161kratke iz razli\u010dnih materialov. Nastali so unikatni izdelki, ki zdaj krasijo vse igralnice in ustvarjajo toplo, \u010darobno decembrsko vzdu\u0161je.<\/p>\n<p style=\"text-align: justify\">Zahvaljujemo se vsem, ki ste sodelovali pri&nbsp;<strong>zbiranju prostovoljnih prispevkov za \u0161olski sklad<\/strong>, saj smo s pomo\u010djo donacij skupaj zbrali 134 evrov. Otroci so bili ob tem \u0161e posebej navdu\u0161eni, saj so v zameno za en kovan\u010dek prejeli majhno pozornost, ki je prinesla dodatno prazni\u010dno veselje.<\/p>\n<p style=\"text-align: justify\">Skupaj smo ustvarili \u010dudovite trenutke in decembrsko pravljico, ki nas bo grela \u0161e dolgo.<\/p>\n<p style=\"text-align: right\">Strokovne delavke vrtca<\/p>\nngg_shortcode_0_placeholder\n","protected":false},"excerpt":{"rendered":"<p>V decembru smo v vrtcu pripravili novoletne ustvarjalne delavnice, kjer smo skupaj z otroki in star\u0161i izdelovali prazni\u010dne \u0161kratke iz razli\u010dnih materialov. Nastali so unikatni izdelki, ki zdaj krasijo vse [&hellip;]<\/p>\n","protected":false},"author":58769,"featured_media":1438,"comment_status":"open","ping_status":"open","sticky":false,"template":"","format":"standard","meta":{"ngg_post_thumbnail":0,"footnotes":""},"categories":[8,10],"tags":[],"class_list":["post-1414","post","type-post","status-publish","format-standard","has-post-thumbnail","hentry","category-novice","category-prva-stran"],"_links":{"self":[{"href":"https:\/\/vrtec-skofije.si\/index.php?rest_route=\/wp\/v2\/posts\/1414","targetHints":{"allow":["GET"]}}],"collection":[{"href":"https:\/\/vrtec-skofije.si\/index.php?rest_route=\/wp\/v2\/posts"}],"about":[{"href":"https:\/\/vrtec-skofije.si\/index.php?rest_route=\/wp\/v2\/types\/post"}],"author":[{"embeddable":true,"href":"https:\/\/vrtec-skofije.si\/index.php?rest_route=\/wp\/v2\/users\/58769"}],"replies":[{"embeddable":true,"href":"https:\/\/vrtec-skofije.si\/index.php?rest_route=%2Fwp%2Fv2%2Fcomments&post=1414"}],"version-history":[{"count":1,"href":"https:\/\/vrtec-skofije.si\/index.php?rest_route=\/wp\/v2\/posts\/1414\/revisions"}],"predecessor-version":[{"id":1439,"href":"https:\/\/vrtec-skofije.si\/index.php?rest_route=\/wp\/v2\/posts\/1414\/revisions\/1439"}],"wp:featuredmedia":[{"embeddable":true,"href":"https:\/\/vrtec-skofije.si\/index.php?rest_route=\/wp\/v2\/media\/1438"}],"wp:attachment":[{"href":"https:\/\/vrtec-skofije.si\/index.php?rest_route=%2Fwp%2Fv2%2Fmedia&parent=1414"}],"wp:term":[{"taxonomy":"category","embeddable":true,"href":"https:\/\/vrtec-skofije.si\/index.php?rest_route=%2Fwp%2Fv2%2Fcategories&post=1414"},{"taxonomy":"post_tag","embeddable":true,"href":"https:\/\/vrtec-skofije.si\/index.php?rest_route=%2Fwp%2Fv2%2Ftags&post=1414"}],"curies":[{"name":"wp","href":"https:\/\/api.w.org\/{rel}","templated":true}]}}