{"id":1615,"date":"2026-01-04T00:52:19","date_gmt":"2026-01-03T23:52:19","guid":{"rendered":"https:\/\/vrtecskofije.splet.arnes.si\/?p=1615"},"modified":"2026-03-31T01:36:19","modified_gmt":"2026-03-30T23:36:19","slug":"praznicni-december-v-skupini-sove","status":"publish","type":"post","link":"https:\/\/vrtec-skofije.si\/?p=1615","title":{"rendered":"PRAZNI\u010cNI DECEMBER V SKUPINI SOVE"},"content":{"rendered":"<p style=\"text-align: justify\">Mesec december je bil v na\u0161em vrtcu pre\u017eet s prazni\u010dnim vzdu\u0161jem, toplino, ustvarjalnostjo in \u0161tevilnimi do\u017eivetji, ki so otrokom pri\u010darala nepozabne trenutke. Skupaj smo ustvarjali, peli, plesali, raziskovali in se veselili prihajajo\u010dih praznikov.<\/p>\n<p style=\"text-align: justify\">December smo za\u010deli zelo aktivno \u2013 z <strong>vadbeno urico v sodelovanju s \u0161tudentkami<\/strong>, kjer so otroci skozi gibanje razvijali svoje motori\u010dne spretnosti. Ustvarjalno smo se lotili tudi <strong>izdelovanja praskank \u2013 vo\u0161\u010dilnic<\/strong>, ki so jih otroci z veseljem okrasili in namenili svojim najbli\u017ejim.<\/p>\n<p style=\"text-align: justify\">Velik poudarek smo namenili tudi <strong>plesu in glasbi<\/strong>. Otroci so spoznavali in plesali dolenjski ljudski ples <em>\u017daklje \u0161ivat<\/em> ter slovenski ljudski ples <em>Ob bistrem poto\u010dku je mlin<\/em>. Skupaj smo sestavili koreografijo in jo ponosno predstavili na krajevni prireditvi <strong>\u00bbDi\u0161i po praznikih\u00ab<\/strong>. Pred nastopom smo se sprehodili do dvorane Hermana Pe\u010dari\u010da, kjer smo izvedli generalko, nastop pa je bil za otroke prav posebno do\u017eivetje.<\/p>\n<p style=\"text-align: justify\">V igralnici smo uredili <strong>igralni koti\u010dek Zimska pokrajina<\/strong>, kjer so se otroci igrali, ustvarjali in razvijali domi\u0161ljijo. V okviru matemati\u010dnih dejavnosti za projekt <strong>RA\u010cek<\/strong> so otroci pomagali \u0161kratu najti pot do doma. Ob tem so zbirali ustrezno \u0161tevilo predmetov, dodajali, odvzemali, se igrali s kocko ter \u0161krata vodili po poti ob upo\u0161tevanju simbolov. Merili smo igralnico s koraki in narisali zemljevid do \u0161kratovega doma. Ve\u010d o tej dejavnosti si lahko preberete v posebnem \u010dlanku na povezavi (<a href=\"https:\/\/resitve.sio.si\/ko-stevilo-postane-pot-razvoj-matematicnih-in-racunalniskih-spretnosti-pri-predsolskih-otrocih-skozi-domisljijsko-igro\/\">prispevek Sio.si<\/a>).<\/p>\n<p style=\"text-align: justify\">Obogatili smo tudi kulturne vsebine. Otroci so si ogledali <strong>igrico Pod medvedovim de\u017enikom<\/strong> v izvedbi strokovnih delavk vrtca, <strong>kami\u0161ibaj gledali\u0161\u010de Sne\u017ekino bo\u017ei\u010dno darilo<\/strong> ter risani film <strong>Sne\u017eak<\/strong>. Z zanimanjem so spremljali tudi nastop <strong>\u0161olskega pevskega zbora<\/strong>.<\/p>\n<p style=\"text-align: justify\">V prazni\u010dnem \u010dasu ni manjkalo glasbe \u2013 skupaj smo <strong>prepevali znane pesmi o zimi in Dedku Mrazu<\/strong>, v jutranjem krogu pa ponovili deklamacijo <strong>Tri \u0161katle<\/strong> avtorice Anje \u0160tefan. Skupine so se v telovadnici predstavile s kratkim programom, kar je otrokom omogo\u010dilo, da so se preizkusili v nastopanju pred vrstniki.<\/p>\n<p style=\"text-align: justify\">Posebno do\u017eivetje je bila tudi <strong>no\u010ditev v vrtcu<\/strong>. Otroci so po no\u010ditvi opravili jutranjo toaleto, v zvezek narisali, kaj jim je bilo najbolj v\u0161e\u010d, in v jutranjem krogu podo\u017eivljali prijetne trenutke, ki so jih do\u017eiveli skupaj.<\/p>\n<p style=\"text-align: justify\">Seveda pa december ne bi bil popoln brez <strong>peke pi\u0161kotov<\/strong> \u2013 otroci so gnetli testo, pekli in z veseljem oku\u0161ali svoje sladke dobrote.<\/p>\n<p style=\"text-align: justify\">Vrhunec prazni\u010dnega dogajanja je bil <strong>obisk Dedka Mraza<\/strong>, ki je otroke razveselil s svojo prisotnostjo in darili ter v vrtec prinesel pravo prazni\u010dno \u010darobnost.<\/p>\n<p style=\"text-align: justify\">December je bil poln lepih trenutkov, novih izku\u0161enj in skupnih do\u017eivetij, ki bodo otrokom \u0161e dolgo ostala v spominu.<\/p>\nngg_shortcode_0_placeholder\n","protected":false},"excerpt":{"rendered":"<p>Mesec december je bil v na\u0161em vrtcu pre\u017eet s prazni\u010dnim vzdu\u0161jem, toplino, ustvarjalnostjo in \u0161tevilnimi do\u017eivetji, ki so otrokom pri\u010darala nepozabne trenutke. Skupaj smo ustvarjali, peli, plesali, raziskovali in se [&hellip;]<\/p>\n","protected":false},"author":58769,"featured_media":1632,"comment_status":"open","ping_status":"open","sticky":false,"template":"","format":"standard","meta":{"ngg_post_thumbnail":0,"footnotes":""},"categories":[8],"tags":[],"class_list":["post-1615","post","type-post","status-publish","format-standard","has-post-thumbnail","hentry","category-novice"],"_links":{"self":[{"href":"https:\/\/vrtec-skofije.si\/index.php?rest_route=\/wp\/v2\/posts\/1615","targetHints":{"allow":["GET"]}}],"collection":[{"href":"https:\/\/vrtec-skofije.si\/index.php?rest_route=\/wp\/v2\/posts"}],"about":[{"href":"https:\/\/vrtec-skofije.si\/index.php?rest_route=\/wp\/v2\/types\/post"}],"author":[{"embeddable":true,"href":"https:\/\/vrtec-skofije.si\/index.php?rest_route=\/wp\/v2\/users\/58769"}],"replies":[{"embeddable":true,"href":"https:\/\/vrtec-skofije.si\/index.php?rest_route=%2Fwp%2Fv2%2Fcomments&post=1615"}],"version-history":[{"count":1,"href":"https:\/\/vrtec-skofije.si\/index.php?rest_route=\/wp\/v2\/posts\/1615\/revisions"}],"predecessor-version":[{"id":1633,"href":"https:\/\/vrtec-skofije.si\/index.php?rest_route=\/wp\/v2\/posts\/1615\/revisions\/1633"}],"wp:featuredmedia":[{"embeddable":true,"href":"https:\/\/vrtec-skofije.si\/index.php?rest_route=\/wp\/v2\/media\/1632"}],"wp:attachment":[{"href":"https:\/\/vrtec-skofije.si\/index.php?rest_route=%2Fwp%2Fv2%2Fmedia&parent=1615"}],"wp:term":[{"taxonomy":"category","embeddable":true,"href":"https:\/\/vrtec-skofije.si\/index.php?rest_route=%2Fwp%2Fv2%2Fcategories&post=1615"},{"taxonomy":"post_tag","embeddable":true,"href":"https:\/\/vrtec-skofije.si\/index.php?rest_route=%2Fwp%2Fv2%2Ftags&post=1615"}],"curies":[{"name":"wp","href":"https:\/\/api.w.org\/{rel}","templated":true}]}}