{"id":29,"date":"2025-01-30T10:47:17","date_gmt":"2025-01-30T09:47:17","guid":{"rendered":"https:\/\/vrtecskofije.splet.arnes.si\/?p=29"},"modified":"2025-04-28T11:39:07","modified_gmt":"2025-04-28T09:39:07","slug":"vabilo-k-vpisu-otrok-v-vrtec","status":"publish","type":"post","link":"https:\/\/vrtec-skofije.si\/?p=29","title":{"rendered":"VABILO K VPISU OTROK V VRTEC"},"content":{"rendered":"<p>Vabljeni k vpisu pred\u0161olskih otrok za \u0161olsko leto 2025\/26.&nbsp;<br \/>\nVpis poteka vsak delovni dan, <strong>od 3. 2. do 3. 3. 2025<\/strong>,<strong> v<\/strong> <strong>tajni\u0161tvu<\/strong> \u0161ole in vrtca, ki je <strong>v prostorih \u0161ole<\/strong>.<\/p>\n<p>Vlogo lahko oddate osebno med 7.00 \u2013 15.00, lahko tudi po po\u0161ti ali preko e-vloge, kar je letos novost. Vlogo morajo ponovno oddati tudi star\u0161i, ki v \u0161ol. letu 2024\/25 niso bili sprejeti v vrtec.<\/p>\n<p>V kolikor potrebujete dodatne informacije, se lahko obrnete na svetovalno delavko\/pomo\u010dnico ravnateljice, Karmen Mekota, ki je dosegljiva na tel. \u0161tevilki 040 490 571. Po potrebi se boste z njo dogovorili tudi za osebno sre\u010danje v vrtcu.<\/p>\n<p>Organiziranost Vrtca pri O\u0160 Oskarja Kova\u010di\u010da \u0160kofije si lahko ogledate in preberete v <a href=\"https:\/\/www.vrtec-skofije.si\/2024\/06\/13\/publikacija-sonce\/\" target=\"_blank\" rel=\"noopener\">publikaciji Sonce<\/a>.<\/p>\n<p><strong>Dobrodo\u0161li!<\/strong><\/p>\n<p><code><div class=\"df-element df-lite\"  data-slug=\"36\" data-_slug=\"36\" data-title=\"poziv-k-vpisu\" id=\"df_36\" data-option=\"df_option_36\" ><\/div><script class=\"df-shortcode-script\" type=\"application\/javascript\">window.df_option_36 = {\"source\":\"\\\/files\\\/2025\\\/02\\\/POZIV-K-VPISU-25-002.pdf\",\"slug\":\"36\",\"id\":36}; if(window.DEARPDF && window.DEARPDF.parseElements){window.DEARPDF.parseElements();}<\/script><\/code><\/p>\n<p><a href=\"https:\/\/os-skofije.splet.arnes.si\/files\/2025\/01\/Publikacija-Sonce-jpg.png\"><img loading=\"lazy\" decoding=\"async\" class=\"wp-image-6739 alignleft\" src=\"https:\/\/os-skofije.splet.arnes.si\/files\/2025\/01\/Publikacija-Sonce-jpg-355x500.png\" alt=\"\" width=\"131\" height=\"185\"><\/a><a href=\"https:\/\/os-skofije.splet.arnes.si\/files\/2025\/02\/VABILO-VPIS-V-VRTEC.pdf\" target=\"_blank\" rel=\"noopener\">PDF dokument &#8211; VABILO K VPISU OTROK<\/a><br \/>\n<a href=\"https:\/\/os-skofije.splet.arnes.si\/files\/2025\/01\/POZIV-K-VPISU-25-002.pdf\" target=\"_blank\" rel=\"noopener\">PDF dokument &#8211; POZIV K VPISU<\/a><\/p>\n<p><a href=\"https:\/\/www.vrtec-skofije.si\/2024\/06\/13\/publikacija-sonce\/\" target=\"_blank\" rel=\"noopener\">Publikacija SONCE<\/a><\/p>\n<p>Vloga je dostopna na tej <strong><a href=\"https:\/\/koper.e-obcina.si\/DownloadFile?id=1733433&amp;post_id=595310\" target=\"_blank\" rel=\"noopener\">povezavi<\/a>.<br \/>\n<\/strong>Ve\u010d o vpisu otrok na povezavi &#8211; <a href=\"https:\/\/www.koper.si\/od-ponedeljka-mogoc-vpis-otrok-v-koprske-vrtce\/\" target=\"_blank\" rel=\"noopener\">vpis v javne vrtce mestne ob\u010dine Koper<\/a><br \/>\n(<a href=\"https:\/\/e-uprava.gov.si\/si\/podrocja\/drzava-druzba\/storitve-obcin\/vpis-v-javne-vrtce-mestne-obcine-koper.html\" target=\"_blank\" rel=\"noopener\">https:\/\/e-uprava.gov.si\/si\/podrocja\/drzava-druzba\/storitve-obcin\/vpis-v-javne-vrtce-mestne-obcine-koper.html<\/a>)<\/p>\n","protected":false},"excerpt":{"rendered":"<p>Vabljeni k vpisu pred\u0161olskih otrok za \u0161olsko leto 2025\/26.&nbsp; Vpis poteka vsak delovni dan, od 3. 2. do 3. 3. 2025, v tajni\u0161tvu \u0161ole in vrtca, ki je v prostorih [&hellip;]<\/p>\n","protected":false},"author":58769,"featured_media":121,"comment_status":"open","ping_status":"open","sticky":false,"template":"","format":"standard","meta":{"ngg_post_thumbnail":0,"footnotes":""},"categories":[2,10],"tags":[],"class_list":["post-29","post","type-post","status-publish","format-standard","has-post-thumbnail","hentry","category-obvestila","category-prva-stran"],"_links":{"self":[{"href":"https:\/\/vrtec-skofije.si\/index.php?rest_route=\/wp\/v2\/posts\/29","targetHints":{"allow":["GET"]}}],"collection":[{"href":"https:\/\/vrtec-skofije.si\/index.php?rest_route=\/wp\/v2\/posts"}],"about":[{"href":"https:\/\/vrtec-skofije.si\/index.php?rest_route=\/wp\/v2\/types\/post"}],"author":[{"embeddable":true,"href":"https:\/\/vrtec-skofije.si\/index.php?rest_route=\/wp\/v2\/users\/58769"}],"replies":[{"embeddable":true,"href":"https:\/\/vrtec-skofije.si\/index.php?rest_route=%2Fwp%2Fv2%2Fcomments&post=29"}],"version-history":[{"count":2,"href":"https:\/\/vrtec-skofije.si\/index.php?rest_route=\/wp\/v2\/posts\/29\/revisions"}],"predecessor-version":[{"id":38,"href":"https:\/\/vrtec-skofije.si\/index.php?rest_route=\/wp\/v2\/posts\/29\/revisions\/38"}],"wp:featuredmedia":[{"embeddable":true,"href":"https:\/\/vrtec-skofije.si\/index.php?rest_route=\/wp\/v2\/media\/121"}],"wp:attachment":[{"href":"https:\/\/vrtec-skofije.si\/index.php?rest_route=%2Fwp%2Fv2%2Fmedia&parent=29"}],"wp:term":[{"taxonomy":"category","embeddable":true,"href":"https:\/\/vrtec-skofije.si\/index.php?rest_route=%2Fwp%2Fv2%2Fcategories&post=29"},{"taxonomy":"post_tag","embeddable":true,"href":"https:\/\/vrtec-skofije.si\/index.php?rest_route=%2Fwp%2Fv2%2Ftags&post=29"}],"curies":[{"name":"wp","href":"https:\/\/api.w.org\/{rel}","templated":true}]}}