{"id":371,"date":"2025-01-01T17:14:04","date_gmt":"2025-01-01T16:14:04","guid":{"rendered":"https:\/\/vrtecskofije.splet.arnes.si\/?p=371"},"modified":"2025-02-15T17:17:58","modified_gmt":"2025-02-15T16:17:58","slug":"imenovanje-pooblascene-osebe-za-varstvo-osebnih-podatkov","status":"publish","type":"post","link":"https:\/\/vrtec-skofije.si\/?p=371","title":{"rendered":"Imenovanje poobla\u0161\u010dene osebe za varstvo osebnih podatkov"},"content":{"rendered":"<div class=\"et_pb_column et_pb_column_3_4 et_pb_column_1_tb_body et_pb_css_mix_blend_mode_passthrough et-last-child\">\n<div class=\"et_pb_module et_pb_post_content et_pb_post_content_0_tb_body\">\n<p style=\"text-align: justify\"><img loading=\"lazy\" decoding=\"async\" class=\"wp-image-359 alignleft\" src=\"https:\/\/vrtec-skofije.si\/files\/2025\/02\/skupaj.png\" alt=\"\" width=\"100\" height=\"80\">V skladu z dolo\u010dili 37. \u010dlena Uredbe (EU) 2016\/679 Evropskega parlamenta in Sveta, z dne 27. 4. 2016, o varstvu posameznikov pri obdelavi osebnih podatkov in o prostem pretoku takih podatkov ter o razveljavitvi Direktive 95\/46\/ES \u2013 Splo\u0161na uredba o varstvu podatkov (v nadaljevanju: GDPR), je Osnovna \u0161ola Oskarja Kova\u010di\u010da \u0160kofije za poobla\u0161\u010deno osebo za varstvo osebnih podatkov v Osnovni \u0161oli Oskarja Kova\u010di\u010da \u0160kofije imenovala <strong>mag. Domna Petelina<\/strong>, univ. dipl. prav., ki mu vpra\u0161anja s podro\u010dja obdelave osebnih podatkov, katerih upravljavec je Osnovna \u0161ola Oskarja Kova\u010di\u010da \u0160kofije, lahko zastavite preko elektronske po\u0161te info@kurikulum.si.<\/p>\n<p style=\"text-align: justify\">Obveznosti poobla\u0161\u010dene osebe za varstvo podatkov:<\/p>\n<ul style=\"text-align: justify\">\n<li>obve\u0161\u010danje \u0161ole, vrtca in zaposlenih, ki izvajajo obdelavo, ter svetovanje navedenim, o njihovih obveznostih v skladu z GDPR in drugimi dolo\u010dbami prava Evropske Unije ali prava Republike Slovenije o varstvu podatkov;<\/li>\n<li>spremljanje skladnosti z GDPR, drugimi dolo\u010dbami prava Evropske Unije ali prava Republike Slovenije o varstvu podatkov, politiko \u0161ole in vrtca v zvezi z varstvom osebnih podatkov, vklju\u010dno z dodeljevanjem nalog, ozave\u0161\u010danjem in usposabljanjem zaposlenih, vklju\u010denih v dejanja obdelave, ter s tem povezanimi revizijami;<\/li>\n<li>svetovanje, kadar je to zahtevano, glede ocene u\u010dinka v zvezi z varstvom podatkov in spremljanje njenega izvajanja;<\/li>\n<li>sodelovanje z nadzornim organom (Informacijskim poobla\u0161\u010dencem);<\/li>\n<li>delovanje kot kontaktna to\u010dka za nadzorni organ pri vpra\u0161anjih v zvezi z obdelavo, vklju\u010dno s predhodnim posvetovanjem, in kjer je ustrezno, posvetovanje glede katere koli druge zadeve;<\/li>\n<li>posamezniki, na katere se nana\u0161ajo osebni podatki, lahko s poobla\u0161\u010deno osebo za varstvo podatkov stopijo v stik glede vseh vpra\u0161anj, povezanih z obdelavo njihovih osebnih podatkov, in uresni\u010devanjem njihovih pravic na podlagi GDPR.<\/li>\n<\/ul>\n<p style=\"text-align: justify\"><a role=\"link\" href=\"https:\/\/solaskofije.splet.arnes.si\/files\/2025\/01\/Obvestilo-o-imenovanju-pooblascene-osebe-za-varstvo-OP-oglasna-deska-in-spletna-stran-OS-Oskarja-Kovacica-Skofije-2.pdf\" target=\"_blank\" rel=\"noopener\">Obvestilo o imenovanju poobla\u0161\u010dene osebe za varstvo OP (pdf dokument)<\/a><\/p>\n<p style=\"text-align: right\">&nbsp;&nbsp;&nbsp;&nbsp;&nbsp;&nbsp;&nbsp;&nbsp;&nbsp;&nbsp;&nbsp;&nbsp;&nbsp;&nbsp;&nbsp;&nbsp;&nbsp;&nbsp;&nbsp;&nbsp;&nbsp;&nbsp;&nbsp;&nbsp;&nbsp;&nbsp;&nbsp;&nbsp;&nbsp;&nbsp;&nbsp;&nbsp;&nbsp;&nbsp;&nbsp;&nbsp;&nbsp;&nbsp;&nbsp;&nbsp;&nbsp;&nbsp;&nbsp;&nbsp;&nbsp;&nbsp;&nbsp;&nbsp;&nbsp;&nbsp;&nbsp;&nbsp; &nbsp;&nbsp;&nbsp;&nbsp;&nbsp;&nbsp;&nbsp;&nbsp;&nbsp;&nbsp;&nbsp;&nbsp;&nbsp;&nbsp;Osnovna \u0161ola Oskarja Kova\u010di\u010da \u0160kofije<br \/>\n&nbsp;&nbsp;&nbsp;&nbsp;&nbsp;&nbsp;&nbsp;&nbsp;&nbsp;&nbsp;&nbsp;&nbsp;&nbsp;&nbsp;&nbsp;&nbsp;&nbsp;&nbsp;&nbsp;&nbsp;&nbsp;&nbsp;&nbsp;&nbsp;&nbsp;&nbsp;&nbsp;&nbsp;&nbsp;&nbsp;&nbsp;&nbsp;&nbsp;&nbsp;&nbsp;&nbsp;&nbsp;&nbsp;&nbsp;&nbsp;&nbsp;&nbsp;&nbsp;&nbsp;&nbsp;&nbsp;&nbsp;&nbsp;&nbsp;&nbsp;&nbsp;&nbsp;&nbsp;&nbsp;&nbsp;&nbsp;&nbsp;&nbsp;&nbsp;&nbsp;&nbsp;&nbsp;&nbsp;&nbsp;&nbsp;&nbsp; &nbsp;&nbsp;&nbsp;&nbsp;&nbsp;&nbsp;&nbsp;&nbsp;&nbsp;&nbsp;&nbsp;&nbsp;Ravnateljica, Eneja Baloh<\/p>\n<\/div>\n<\/div>\n","protected":false},"excerpt":{"rendered":"<p>V skladu z dolo\u010dili 37. \u010dlena Uredbe (EU) 2016\/679 Evropskega parlamenta in Sveta, z dne 27. 4. 2016, o varstvu posameznikov pri obdelavi osebnih podatkov in o prostem pretoku takih [&hellip;]<\/p>\n","protected":false},"author":58769,"featured_media":359,"comment_status":"open","ping_status":"open","sticky":false,"template":"","format":"standard","meta":{"ngg_post_thumbnail":0,"footnotes":""},"categories":[6],"tags":[],"class_list":["post-371","post","type-post","status-publish","format-standard","has-post-thumbnail","hentry","category-biro"],"_links":{"self":[{"href":"https:\/\/vrtec-skofije.si\/index.php?rest_route=\/wp\/v2\/posts\/371","targetHints":{"allow":["GET"]}}],"collection":[{"href":"https:\/\/vrtec-skofije.si\/index.php?rest_route=\/wp\/v2\/posts"}],"about":[{"href":"https:\/\/vrtec-skofije.si\/index.php?rest_route=\/wp\/v2\/types\/post"}],"author":[{"embeddable":true,"href":"https:\/\/vrtec-skofije.si\/index.php?rest_route=\/wp\/v2\/users\/58769"}],"replies":[{"embeddable":true,"href":"https:\/\/vrtec-skofije.si\/index.php?rest_route=%2Fwp%2Fv2%2Fcomments&post=371"}],"version-history":[{"count":1,"href":"https:\/\/vrtec-skofije.si\/index.php?rest_route=\/wp\/v2\/posts\/371\/revisions"}],"predecessor-version":[{"id":372,"href":"https:\/\/vrtec-skofije.si\/index.php?rest_route=\/wp\/v2\/posts\/371\/revisions\/372"}],"wp:featuredmedia":[{"embeddable":true,"href":"https:\/\/vrtec-skofije.si\/index.php?rest_route=\/wp\/v2\/media\/359"}],"wp:attachment":[{"href":"https:\/\/vrtec-skofije.si\/index.php?rest_route=%2Fwp%2Fv2%2Fmedia&parent=371"}],"wp:term":[{"taxonomy":"category","embeddable":true,"href":"https:\/\/vrtec-skofije.si\/index.php?rest_route=%2Fwp%2Fv2%2Fcategories&post=371"},{"taxonomy":"post_tag","embeddable":true,"href":"https:\/\/vrtec-skofije.si\/index.php?rest_route=%2Fwp%2Fv2%2Ftags&post=371"}],"curies":[{"name":"wp","href":"https:\/\/api.w.org\/{rel}","templated":true}]}}