{"id":454,"date":"2025-02-09T20:28:39","date_gmt":"2025-02-09T19:28:39","guid":{"rendered":"https:\/\/vrtecskofije.splet.arnes.si\/?p=454"},"modified":"2025-04-28T11:37:54","modified_gmt":"2025-04-28T09:37:54","slug":"obvestilo","status":"publish","type":"post","link":"https:\/\/vrtec-skofije.si\/?p=454","title":{"rendered":"Obvestilo o postavitvi son\u010dne elektrarne"},"content":{"rendered":"<p>Spo\u0161tovani star\u0161i, skrbniki<\/p>\n<p>obve\u0161\u010dam vas, da je v ponedeljek, 10. 2. 2025, predviden za\u010detek postavitve son\u010dne elektrarne na strehi vrtca. V \u010dasu postavitve elektrarne bodo dolo\u010deni deli ob vrtcu ograjeni, ob\u010dasno ne bo mo\u017ena uporaba teras v starem in novem delu vrtca ter uporaba vhoda iz ceste v novi del vrtca. Izvajalec nas bo sproti obve\u0161\u010dal na katerem delu objekta bodo izvajali dela, posledi\u010dno bomo o tem sproti obve\u0161\u010dali tudi vas.<\/p>\n<p>\u017de vnaprej se vam zahvaljujem za razumevanje.<\/p>\n<p style=\"text-align: right\">ravnateljica Eneja Baloh<\/p>\n","protected":false},"excerpt":{"rendered":"<p>Spo\u0161tovani star\u0161i, skrbniki obve\u0161\u010dam vas, da je v ponedeljek, 10. 2. 2025, predviden za\u010detek postavitve son\u010dne elektrarne na strehi vrtca. V \u010dasu postavitve elektrarne bodo dolo\u010deni deli ob vrtcu ograjeni, [&hellip;]<\/p>\n","protected":false},"author":58769,"featured_media":431,"comment_status":"open","ping_status":"open","sticky":false,"template":"","format":"standard","meta":{"ngg_post_thumbnail":0,"footnotes":""},"categories":[2,10],"tags":[],"class_list":["post-454","post","type-post","status-publish","format-standard","has-post-thumbnail","hentry","category-obvestila","category-prva-stran"],"_links":{"self":[{"href":"https:\/\/vrtec-skofije.si\/index.php?rest_route=\/wp\/v2\/posts\/454","targetHints":{"allow":["GET"]}}],"collection":[{"href":"https:\/\/vrtec-skofije.si\/index.php?rest_route=\/wp\/v2\/posts"}],"about":[{"href":"https:\/\/vrtec-skofije.si\/index.php?rest_route=\/wp\/v2\/types\/post"}],"author":[{"embeddable":true,"href":"https:\/\/vrtec-skofije.si\/index.php?rest_route=\/wp\/v2\/users\/58769"}],"replies":[{"embeddable":true,"href":"https:\/\/vrtec-skofije.si\/index.php?rest_route=%2Fwp%2Fv2%2Fcomments&post=454"}],"version-history":[{"count":3,"href":"https:\/\/vrtec-skofije.si\/index.php?rest_route=\/wp\/v2\/posts\/454\/revisions"}],"predecessor-version":[{"id":467,"href":"https:\/\/vrtec-skofije.si\/index.php?rest_route=\/wp\/v2\/posts\/454\/revisions\/467"}],"wp:featuredmedia":[{"embeddable":true,"href":"https:\/\/vrtec-skofije.si\/index.php?rest_route=\/wp\/v2\/media\/431"}],"wp:attachment":[{"href":"https:\/\/vrtec-skofije.si\/index.php?rest_route=%2Fwp%2Fv2%2Fmedia&parent=454"}],"wp:term":[{"taxonomy":"category","embeddable":true,"href":"https:\/\/vrtec-skofije.si\/index.php?rest_route=%2Fwp%2Fv2%2Fcategories&post=454"},{"taxonomy":"post_tag","embeddable":true,"href":"https:\/\/vrtec-skofije.si\/index.php?rest_route=%2Fwp%2Fv2%2Ftags&post=454"}],"curies":[{"name":"wp","href":"https:\/\/api.w.org\/{rel}","templated":true}]}}