{"id":456,"date":"2024-11-06T20:31:15","date_gmt":"2024-11-06T19:31:15","guid":{"rendered":"https:\/\/vrtecskofije.splet.arnes.si\/?p=456"},"modified":"2025-04-28T11:40:51","modified_gmt":"2025-04-28T09:40:51","slug":"lokalni-ekoloski-obrok","status":"publish","type":"post","link":"https:\/\/vrtec-skofije.si\/?p=456","title":{"rendered":"Lokalni ekolo\u0161ki obrok"},"content":{"rendered":"<p>V \u010detrtek, 7. 11. 2024, bomo na O\u0160 Oskarja Kova\u010di\u010da \u0160kofije za vse pred\u0161olske in \u0161olske otroke izvedli brezpla\u010den ekolo\u0161ki obrok \u2013 malico. Izvedbo dogodka nam omogo\u010da Zveza dru\u0161tev ekolo\u0161kih kmetov Slovenije v okviru projekta \u201cPrehrana za okoljsko 5ko\u201d. Osrednji namen projekta je na podlagi konkretnih izvedb takih obrokov okrepiti<br \/>\nzavedanje o pomenu lokalne ekolo\u0161ke hrane za otroke in trajnostni prehranski sistem, ter motiviranost, povezanost in medsebojno podporo vseh akterjev. Sem sodi tudi vzpostavljanje \u0161e ve\u010d povezav med \u0161olam in ekolo\u0161kimi kmetijami in izbiranje obrokov glede na sezonsko in geografsko razpolo\u017eljivost.<\/p>\n<p><img loading=\"lazy\" decoding=\"async\" class=\"alignnone size-medium wp-image-457\" src=\"https:\/\/vrtec-skofije.si\/files\/2025\/02\/Dnevi-lokalne-ekoloske-hrane-plakat-768x543-1-300x212.png\" alt=\"\" width=\"300\" height=\"212\" srcset=\"https:\/\/vrtec-skofije.si\/files\/2025\/02\/Dnevi-lokalne-ekoloske-hrane-plakat-768x543-1-300x212.png 300w, https:\/\/vrtec-skofije.si\/files\/2025\/02\/Dnevi-lokalne-ekoloske-hrane-plakat-768x543-1-624x441.png 624w, https:\/\/vrtec-skofije.si\/files\/2025\/02\/Dnevi-lokalne-ekoloske-hrane-plakat-768x543-1.png 768w\" sizes=\"auto, (max-width: 300px) 100vw, 300px\" \/><\/p>\n<p>Priloge:<\/p>\n<ul>\n<li><a href=\"https:\/\/os-skofije.splet.arnes.si\/files\/2024\/11\/Dan-solske-hrane-iz-ekoloskih-kmetij-Vabilo-1.pdf\">Dan \u0161olske hrane iz ekolo\u0161kih kmetij \u2013 Vabilo<\/a><\/li>\n<li><a href=\"https:\/\/os-skofije.splet.arnes.si\/files\/2024\/11\/Dnevi-lokalne-ekoloske-hrane-v-solah-Izjava-za-javnost.pdf\">Dnevi lokalne ekolo\u0161ke hrane v \u0161olah \u2013 Izjava za javnost<\/a><\/li>\n<\/ul>\n","protected":false},"excerpt":{"rendered":"<p>V \u010detrtek, 7. 11. 2024, bomo na O\u0160 Oskarja Kova\u010di\u010da \u0160kofije za vse pred\u0161olske in \u0161olske otroke izvedli brezpla\u010den ekolo\u0161ki obrok \u2013 malico. Izvedbo dogodka nam omogo\u010da Zveza dru\u0161tev ekolo\u0161kih [&hellip;]<\/p>\n","protected":false},"author":58769,"featured_media":458,"comment_status":"open","ping_status":"open","sticky":false,"template":"","format":"standard","meta":{"ngg_post_thumbnail":0,"footnotes":""},"categories":[2,10],"tags":[],"class_list":["post-456","post","type-post","status-publish","format-standard","has-post-thumbnail","hentry","category-obvestila","category-prva-stran"],"_links":{"self":[{"href":"https:\/\/vrtec-skofije.si\/index.php?rest_route=\/wp\/v2\/posts\/456","targetHints":{"allow":["GET"]}}],"collection":[{"href":"https:\/\/vrtec-skofije.si\/index.php?rest_route=\/wp\/v2\/posts"}],"about":[{"href":"https:\/\/vrtec-skofije.si\/index.php?rest_route=\/wp\/v2\/types\/post"}],"author":[{"embeddable":true,"href":"https:\/\/vrtec-skofije.si\/index.php?rest_route=\/wp\/v2\/users\/58769"}],"replies":[{"embeddable":true,"href":"https:\/\/vrtec-skofije.si\/index.php?rest_route=%2Fwp%2Fv2%2Fcomments&post=456"}],"version-history":[{"count":2,"href":"https:\/\/vrtec-skofije.si\/index.php?rest_route=\/wp\/v2\/posts\/456\/revisions"}],"predecessor-version":[{"id":460,"href":"https:\/\/vrtec-skofije.si\/index.php?rest_route=\/wp\/v2\/posts\/456\/revisions\/460"}],"wp:featuredmedia":[{"embeddable":true,"href":"https:\/\/vrtec-skofije.si\/index.php?rest_route=\/wp\/v2\/media\/458"}],"wp:attachment":[{"href":"https:\/\/vrtec-skofije.si\/index.php?rest_route=%2Fwp%2Fv2%2Fmedia&parent=456"}],"wp:term":[{"taxonomy":"category","embeddable":true,"href":"https:\/\/vrtec-skofije.si\/index.php?rest_route=%2Fwp%2Fv2%2Fcategories&post=456"},{"taxonomy":"post_tag","embeddable":true,"href":"https:\/\/vrtec-skofije.si\/index.php?rest_route=%2Fwp%2Fv2%2Ftags&post=456"}],"curies":[{"name":"wp","href":"https:\/\/api.w.org\/{rel}","templated":true}]}}