{"id":461,"date":"2024-09-17T20:38:44","date_gmt":"2024-09-17T18:38:44","guid":{"rendered":"https:\/\/vrtecskofije.splet.arnes.si\/?p=461"},"modified":"2025-04-28T11:41:29","modified_gmt":"2025-04-28T09:41:29","slug":"461","status":"publish","type":"post","link":"https:\/\/vrtec-skofije.si\/?p=461","title":{"rendered":"Razvoj ra\u010dunalni\u0161kega mi\u0161ljenja z vklju\u010devanjem STEM kompletov (RA\u010cek)"},"content":{"rendered":"<div><a href=\"https:\/\/os-skofije.splet.arnes.si\/files\/2024\/09\/Na__rt_za_okrevanje_logo.webp\"><img loading=\"lazy\" decoding=\"async\" class=\"wp-image-6593 alignleft\" src=\"https:\/\/os-skofije.splet.arnes.si\/files\/2024\/09\/Na__rt_za_okrevanje_logo.webp\" alt=\"\" width=\"265\" height=\"142\"><\/a>V okviru javnega razpisa \u00bbRazvoj ra\u010dunalni\u0161kega mi\u0161ljenja z vklju\u010devanjem STEM kompletov v vrtcih in osnovnih \u0161olah od 1. do 5. razreda\u00ab je UP PEF pridobila projekt za celovito transformacijo zelenega in digitalnega izobra\u017eevanja. Izvajal se bo z namenom krepitve digitalnih kompetenc ter temeljnih znanj ra\u010dunalni\u0161tva in informatike z razvojem ra\u010dunalni\u0161kega mi\u0161ljenja.<\/div>\n<div>\n<p>V okviru projekta se bo razvilo ra\u010dunalni\u0161ko mi\u0161ljenje z vklju\u010devanjem STEM (angle\u0161ko Science, technology, engineering, and mathematics) kompletov za doseganje operativnih ciljev kurikuluma za vrtec oziroma operativnih ciljev u\u010dnih na\u010drtov predmetov od 1. do 5. razreda v osnovni \u0161oli.&nbsp;<\/p>\n<p>Razpis je bil objavljen znotraj evropskega Na\u010drta za okrevanje in odpornost je v okviru razvojnega podro\u010dja Pametne, trajnostne in vklju\u010dujo\u010de rasti opredeljena tudi krepitev digitalnih kompetenc, oziroma tistih kompetenc, ki jih zahtevajo novi sodobni poklici in zeleni prehod.&nbsp;&nbsp;<\/p>\n<p><a title=\"RA\u010cek\" href=\"https:\/\/www.pef.upr.si\/img\/2024081915215902\/mid\/RA__ek.png?m=1724073719\" rel=\"magnific\"><img loading=\"lazy\" decoding=\"async\" class=\"img-fluid content-photo left alignleft\" title=\"RA\u010cek\" src=\"https:\/\/www.pef.upr.si\/img\/2024081915215902\/min\/RA__ek.png?m=1724073719\" alt=\"RA__ek.png\" width=\"194\" height=\"194\"><\/a><\/p>\n<p>Namen&nbsp;je krepitev digitalnih kompetenc ter temeljnih znanj ra\u010dunalni\u0161tva in informatike z razvojem ra\u010dunalni\u0161kega mi\u0161ljenja pri strokovnih delavcih in otrocih oziroma u\u010dencih v vrtcih, osnovnih \u0161olah, osnovnih \u0161olah s prilagojenim programom ter zavodih za vzgojo in izobra\u017eevanje otrok in mladostnikom s posebnimi potrebami, s poudarkom na vlogi sodobnih u\u010dnih oblik in metod dela ter medpredmetnega povezovanja.<\/p>\n<p>Namen projekta&nbsp;je tudi razvoj ra\u010dunalni\u0161kega mi\u0161ljenja&nbsp;z vklju\u010devanjem STEM kompletov v vrtcih in osnovnih \u0161olah&nbsp;od 1. do 5. razreda. Projekt poudarja sodobne u\u010dne oblike in metode dela, medpredmetno povezovanje ter uporabo STEM pristopov. V ta namen bomo oblikovali projekt, ki se osredoto\u010da na razvijanje ra\u010dunalni\u0161kega mi\u0161ljenja v zgodnjem otro\u0161tvu, prehodu med pred\u0161olsko vzgojo in osnovno \u0161olo ter za u\u010dence do 5. razreda osnovne \u0161ole. V tem obdobju otroci svet do\u017eivljajo celostno, zato je pomembno, da se u\u010dijo medpredmetno. STEM pristopi omogo\u010dajo integracijo razli\u010dnih predmetnih podro\u010dij, kot so znanost, tehnologija, in\u017eenirstvo in matematika, kar spodbuja celostno razumevanje in re\u0161evanje problemov ter omogo\u010da otrokom raziskovanje in povezovanje znanj iz razli\u010dnih podro\u010dij. Ravno to spodbuja kriti\u010dno mi\u0161ljenje, ustvarjalnost in prakti\u010dno uporabo znanja, kar je klju\u010dnega pomena za razvoj ra\u010dunalni\u0161kega mi\u0161ljenja.&nbsp;<\/p>\n<p><strong>Rezultati projekta bodo:&nbsp;<\/strong><\/p>\n<ul>\n<li>Programi usposabljanj za u\u010ditelje za razvoj ra\u010dunalni\u0161kega mi\u0161ljenja pri u\u010dencih in za uporabo razli\u010dnih STEM kompletov ter izvedena usposabljanja.&nbsp;<\/li>\n<li>Katalog operativnih ciljev u\u010dnih na\u010drtov, ki jih je mogo\u010de dose\u010di z razvijanjem ra\u010dunalni\u0161kega mi\u0161ljenja in vklju\u010devanjem STEM kompletov.&nbsp;<\/li>\n<li>Smernice za u\u010ditelje za razvoj ra\u010dunalni\u0161kega mi\u0161ljenja z vklju\u010devanjem razli\u010dnih STEM kompletov, z izbranimi u\u010dnimi scenariji ter didakti\u010dnimi priporo\u010dili.&nbsp;<\/li>\n<li>Objavljeni u\u010dni scenariji na prosto dostopnem spleti\u0161\u010du.&nbsp;<\/li>\n<li>Evalvacijska poro\u010dila.&nbsp;<\/li>\n<\/ul>\n<p>Projekt bo zagotovil eksperimentalno in sistemsko oblikovanje podpornih okolij za razvoj ra\u010dunalni\u0161kega mi\u0161ljenja ter mehanizme izmenjave izku\u0161enj in dobrih praks, kar bo prispevalo k razvoju ra\u010dunalni\u0161kega mi\u0161ljenja z vklju\u010devanjem STEM kompletov v vrtce in osnovne \u0161ole do 5. razreda.&nbsp;<\/p>\n<\/div>\n<div class=\"project-date begin item-inner\"><strong>Datum za\u010detka:<\/strong> 01.09.2024<\/div>\n<div class=\"project-date end item-inner\"><strong>Rok za oddajo:<\/strong> 31.05.2026<\/div>\n<div class=\"project-financer item-inner\"><strong>Financer:<\/strong> Ministrstvo RS za vzgojo in izobra\u017eevanje in Evropska Unija \u2013 NextGenerationEU<\/div>\n<div class=\"project-org-other item-inner\"><strong>Sodelujo\u010de organizacije:<br \/>\n<\/strong>Konzorcijski partnerji projekta:&nbsp;<a class=\"URL\" title=\"UNIVERZA V MARIBORU&nbsp;(FAKULTETA ZA NARAVOSLOVJE IN MATEMATIKO)\" href=\"https:\/\/www.fnm.um.si\/\">UNIVERZA V MARIBORU&nbsp;(FAKULTETA ZA NARAVOSLOVJE IN MATEMATIKO)<\/a>&nbsp;,&nbsp;<a class=\"URL\" title=\"UNIVERZA V LJUBLJANI, FAKULTETA ZA RA\u010cUNALNI\u0160TVO IN INFORMATIKO\" href=\"https:\/\/fri.uni-lj.si\/sl\">UNIVERZA V LJUBLJANI, FAKULTETA ZA RA\u010cUNALNI\u0160TVO IN INFORMATIKO<\/a>&nbsp;ter deset VIZov:<\/div>\n<ul>\n<li>O\u0160 Du\u0161ana Bordona Semedela &#8211; Koper<\/li>\n<li>I. O\u0160 Celje<\/li>\n<li>O\u0160 Livade Izola<\/li>\n<li>O\u0160 Vojke \u0160muc Izola<\/li>\n<li>O\u0160 Solkan<\/li>\n<li>O\u0160 \u0160marje pri Kopru &#8211; \u0161ola<\/li>\n<li>O\u0160 \u0160marje pri Kopru &#8211; vrtec<\/li>\n<li>Vrtec Jelka<\/li>\n<li>Vrtec pri O\u0160 Oskarja Kova\u010di\u010da \u0160kofije&nbsp;<\/li>\n<li>Vrtec Pedenjped Ljubljana<\/li>\n<\/ul>\n<div class=\"project-org-other item-inner\">\n<div class=\"project-holder item-inner\"><strong>Nosilec\/ka<\/strong>: UP PEF<\/div>\n<div class=\"project-coworkers item-inner\">\n<p><strong>Vodja projekta: <\/strong>dr. Sonja \u010cotar Konrad<\/p>\n<p><strong>Vsebinski vodja projekta:<\/strong> dr. Sanela Hudovernik drugi \u010dlani razvojne skupine na UP PEF: dr. Maja Lebeni\u010dnik,&nbsp;dr. Nastja Coti\u010d, dr. Bla\u017e Sim\u010di\u010d&nbsp;, dr. Marina Volk in dr. Danijela Horvat Samard\u017eija&nbsp;<\/p>\n<hr>\n<p><em><a class=\"URL\" title=\"Na\u010drt za okrevanje in odpornost (NOO)\" href=\"https:\/\/www.gov.si\/zbirke\/projekti-in-programi\/nacrt-za-okrevanje-in-odpornost\">Na\u010drt za okrevanje in odpornost (NOO)<\/a>&nbsp;je nacionalni program reform in nalo\u017eb, s katerimi \u017eelimo ubla\u017eiti gospodarske in socialne posledice pandemije covida-19 v Sloveniji ter prispevati k ciljem evropskega na\u010drta REPowerEU za zmanj\u0161anje odvisnosti od ruskih fosilnih goriv in pospe\u0161itev zelenega prehoda. Z na\u010drtovanimi ukrepi bomo do leta 2026 podprli dolgoro\u010dno trajnostno rast in naslovili izzive zelenega ter digitalnega prehoda.<\/em><\/p>\n<\/div>\n<\/div>\n","protected":false},"excerpt":{"rendered":"<p>V okviru javnega razpisa \u00bbRazvoj ra\u010dunalni\u0161kega mi\u0161ljenja z vklju\u010devanjem STEM kompletov v vrtcih in osnovnih \u0161olah od 1. do 5. razreda\u00ab je UP PEF pridobila projekt za celovito transformacijo zelenega [&hellip;]<\/p>\n","protected":false},"author":58769,"featured_media":464,"comment_status":"open","ping_status":"open","sticky":false,"template":"","format":"standard","meta":{"ngg_post_thumbnail":0,"footnotes":""},"categories":[8,10],"tags":[],"class_list":["post-461","post","type-post","status-publish","format-standard","has-post-thumbnail","hentry","category-novice","category-prva-stran"],"_links":{"self":[{"href":"https:\/\/vrtec-skofije.si\/index.php?rest_route=\/wp\/v2\/posts\/461","targetHints":{"allow":["GET"]}}],"collection":[{"href":"https:\/\/vrtec-skofije.si\/index.php?rest_route=\/wp\/v2\/posts"}],"about":[{"href":"https:\/\/vrtec-skofije.si\/index.php?rest_route=\/wp\/v2\/types\/post"}],"author":[{"embeddable":true,"href":"https:\/\/vrtec-skofije.si\/index.php?rest_route=\/wp\/v2\/users\/58769"}],"replies":[{"embeddable":true,"href":"https:\/\/vrtec-skofije.si\/index.php?rest_route=%2Fwp%2Fv2%2Fcomments&post=461"}],"version-history":[{"count":3,"href":"https:\/\/vrtec-skofije.si\/index.php?rest_route=\/wp\/v2\/posts\/461\/revisions"}],"predecessor-version":[{"id":465,"href":"https:\/\/vrtec-skofije.si\/index.php?rest_route=\/wp\/v2\/posts\/461\/revisions\/465"}],"wp:featuredmedia":[{"embeddable":true,"href":"https:\/\/vrtec-skofije.si\/index.php?rest_route=\/wp\/v2\/media\/464"}],"wp:attachment":[{"href":"https:\/\/vrtec-skofije.si\/index.php?rest_route=%2Fwp%2Fv2%2Fmedia&parent=461"}],"wp:term":[{"taxonomy":"category","embeddable":true,"href":"https:\/\/vrtec-skofije.si\/index.php?rest_route=%2Fwp%2Fv2%2Fcategories&post=461"},{"taxonomy":"post_tag","embeddable":true,"href":"https:\/\/vrtec-skofije.si\/index.php?rest_route=%2Fwp%2Fv2%2Ftags&post=461"}],"curies":[{"name":"wp","href":"https:\/\/api.w.org\/{rel}","templated":true}]}}