{"id":468,"date":"2024-12-15T20:47:39","date_gmt":"2024-12-15T19:47:39","guid":{"rendered":"https:\/\/vrtecskofije.splet.arnes.si\/?p=468"},"modified":"2025-04-28T11:39:36","modified_gmt":"2025-04-28T09:39:36","slug":"pohodniki-odkorakali-v-resslov-gaj","status":"publish","type":"post","link":"https:\/\/vrtec-skofije.si\/?p=468","title":{"rendered":"Pohodniki odkorakali v Resslov gaj"},"content":{"rendered":"<p style=\"text-align: justify\">V soboto, 30.11. 2024, smo imeli 2. pohod v okviru Pohodnega kro\u017eka. Tokrat smo se odpravili v Resslov gaj v Ankaranu. Pot smo pri\u010deli na Debelem rti\u010du ter se odpravili \u010dez vinograde in&nbsp;nato po lokalni cesti do Resslovega gaja, kjer je kro\u017ena gozdna u\u010dna pot.&nbsp;Za nazaj pa smo se odpravili po isti poti.&nbsp;<br \/>\nVreme nam je bilo tudi tokrat zelo naklonjeno tako, da smo lahko u\u017eivali v pristnem son\u010dno jesenskem dnevu ter naredili nekaj tudi za svoje zdravje in po\u010dutje. Bravo mi!!!<\/p>\n<p style=\"text-align: right\">Vzgojiteljice Ana Vilhar, Monika Jerman in Petra Ora\u017eem<\/p>\n<p><img loading=\"lazy\" decoding=\"async\" class=\"alignnone wp-image-469 size-full\" src=\"https:\/\/vrtec-skofije.si\/files\/2025\/02\/pohod2.jpg\" alt=\"\" width=\"800\" height=\"450\" srcset=\"https:\/\/vrtec-skofije.si\/files\/2025\/02\/pohod2.jpg 800w, https:\/\/vrtec-skofije.si\/files\/2025\/02\/pohod2-300x169.jpg 300w, https:\/\/vrtec-skofije.si\/files\/2025\/02\/pohod2-768x432.jpg 768w, https:\/\/vrtec-skofije.si\/files\/2025\/02\/pohod2-624x351.jpg 624w\" sizes=\"auto, (max-width: 800px) 100vw, 800px\" \/><\/p>\n","protected":false},"excerpt":{"rendered":"<p>V soboto, 30.11. 2024, smo imeli 2. pohod v okviru Pohodnega kro\u017eka. Tokrat smo se odpravili v Resslov gaj v Ankaranu. Pot smo pri\u010deli na Debelem rti\u010du ter se odpravili [&hellip;]<\/p>\n","protected":false},"author":58769,"featured_media":469,"comment_status":"open","ping_status":"open","sticky":false,"template":"","format":"standard","meta":{"ngg_post_thumbnail":0,"footnotes":""},"categories":[8,10],"tags":[],"class_list":["post-468","post","type-post","status-publish","format-standard","has-post-thumbnail","hentry","category-novice","category-prva-stran"],"_links":{"self":[{"href":"https:\/\/vrtec-skofije.si\/index.php?rest_route=\/wp\/v2\/posts\/468","targetHints":{"allow":["GET"]}}],"collection":[{"href":"https:\/\/vrtec-skofije.si\/index.php?rest_route=\/wp\/v2\/posts"}],"about":[{"href":"https:\/\/vrtec-skofije.si\/index.php?rest_route=\/wp\/v2\/types\/post"}],"author":[{"embeddable":true,"href":"https:\/\/vrtec-skofije.si\/index.php?rest_route=\/wp\/v2\/users\/58769"}],"replies":[{"embeddable":true,"href":"https:\/\/vrtec-skofije.si\/index.php?rest_route=%2Fwp%2Fv2%2Fcomments&post=468"}],"version-history":[{"count":1,"href":"https:\/\/vrtec-skofije.si\/index.php?rest_route=\/wp\/v2\/posts\/468\/revisions"}],"predecessor-version":[{"id":470,"href":"https:\/\/vrtec-skofije.si\/index.php?rest_route=\/wp\/v2\/posts\/468\/revisions\/470"}],"wp:featuredmedia":[{"embeddable":true,"href":"https:\/\/vrtec-skofije.si\/index.php?rest_route=\/wp\/v2\/media\/469"}],"wp:attachment":[{"href":"https:\/\/vrtec-skofije.si\/index.php?rest_route=%2Fwp%2Fv2%2Fmedia&parent=468"}],"wp:term":[{"taxonomy":"category","embeddable":true,"href":"https:\/\/vrtec-skofije.si\/index.php?rest_route=%2Fwp%2Fv2%2Fcategories&post=468"},{"taxonomy":"post_tag","embeddable":true,"href":"https:\/\/vrtec-skofije.si\/index.php?rest_route=%2Fwp%2Fv2%2Ftags&post=468"}],"curies":[{"name":"wp","href":"https:\/\/api.w.org\/{rel}","templated":true}]}}