{"id":471,"date":"2024-10-10T20:52:20","date_gmt":"2024-10-10T18:52:20","guid":{"rendered":"https:\/\/vrtecskofije.splet.arnes.si\/?p=471"},"modified":"2025-04-28T11:40:10","modified_gmt":"2025-04-28T09:40:10","slug":"10-obletnica-dograditve-vrtca-pri-os-oskarja-kovacica-skofije","status":"publish","type":"post","link":"https:\/\/vrtec-skofije.si\/?p=471","title":{"rendered":"10. OBLETNICA DOGRADITVE VRTCA PRI O\u0160 OSKARJA KOVA\u010cI\u010cA \u0160KOFIJE"},"content":{"rendered":"<p style=\"text-align: justify\">Vrtec \u0160kofije je v sredo, 9. oktobra, slovesno praznoval 10. obletnico dograditve. Dogodka so se mno\u017ei\u010dno udele\u017eili star\u0161i, skrbniki, otroci, krajani ter \u0161tevilni gostje, med njimi g. Timotej Pirjevec, vodja urada za dru\u017ebene dejavnosti Mestne ob\u010dine Koper, predsednik krajevne skupnosti g. Matja\u017e \u010cok ter podpredsednica ga. Erika Marke\u017ei\u010d Kapelj. V prazni\u010dnem vzdu\u0161ju so otroci in strokovne delavke organizirali ustvarjalne delavnice za otroke in star\u0161e, ki so odra\u017eale utrip vsakdana v vrtcu, medtem ko so otro\u0161ki izdelki krasili skupne prostore in pri\u010dali o kreativnosti in radovednosti mal\u010dkov.<\/p>\n<p style=\"text-align: justify\">Prazni\u010dno vzdu\u0161je so popestrili nastopi otrok iz vrtca in \u0161ole, ki so se predstavili z dramskimi, plesnimi in pevskimi to\u010dkami. Kulturni program je iz\u017eareval veselje in ustvarjalnost otrok, ki so na koncu skupaj zapeli vrt\u010devsko himno <strong>\u010cebelnjak<\/strong>, ob glasbeni spremljavi g. Andreja Gropajca na harmoniki.<\/p>\n<p style=\"text-align: justify\">Ponosni smo na izvedbo dogodka, ki je \u0161e enkrat pokazal, kako pomemben je vrtec kot prostor, kjer se otroci u\u010dijo, rastejo in se povezujejo z dru\u017ebo. V sklopu praznovanja smo se spomnili na zgodovino vrtca in pomen pred\u0161olske vzgoje za \u0161ir\u0161o skupnost.<\/p>\n<p style=\"text-align: justify\">Iskrena zahvala gre vsem vzgojiteljicam, pomo\u010dnicam vzgojiteljic in podporni ekipi za organizacijo dogodka ter za njihovo vsakodnevno predanost pri ustvarjanju varnega in spodbudnega okolja za na\u0161e najmlaj\u0161e. Prav tako se zahvaljujemo star\u0161em in krajevni skupnosti za neomajno podporo, brez katere na\u0161 vrtec ne bi bil to, kar je danes \u2013 srce skupnosti, kjer se otroci razvijajo v samozavestne in ustvarjalne posameznike.<\/p>\n<p style=\"text-align: justify\">Obletnica je bila prilo\u017enost, da se ozremo nazaj na vse dose\u017eke, ki smo jih skupaj ustvarili, ter da z optimizmom zremo v prihodnost, ki jo bomo \u0161e naprej soustvarjali s strokovnostjo, ljubeznijo in skrbjo za na\u0161e otroke.<\/p>\n<p>&nbsp;<img loading=\"lazy\" decoding=\"async\" class=\"wp-image-473 size-full aligncenter\" src=\"https:\/\/vrtec-skofije.si\/files\/2025\/02\/20241010_070439.jpg\" alt=\"\" width=\"600\" height=\"600\" srcset=\"https:\/\/vrtec-skofije.si\/files\/2025\/02\/20241010_070439.jpg 600w, https:\/\/vrtec-skofije.si\/files\/2025\/02\/20241010_070439-300x300.jpg 300w, https:\/\/vrtec-skofije.si\/files\/2025\/02\/20241010_070439-150x150.jpg 150w\" sizes=\"auto, (max-width: 600px) 100vw, 600px\" \/><\/p>\n","protected":false},"excerpt":{"rendered":"<p>Vrtec \u0160kofije je v sredo, 9. oktobra, slovesno praznoval 10. obletnico dograditve. Dogodka so se mno\u017ei\u010dno udele\u017eili star\u0161i, skrbniki, otroci, krajani ter \u0161tevilni gostje, med njimi g. Timotej Pirjevec, vodja [&hellip;]<\/p>\n","protected":false},"author":58769,"featured_media":472,"comment_status":"open","ping_status":"open","sticky":false,"template":"","format":"standard","meta":{"ngg_post_thumbnail":0,"footnotes":""},"categories":[8,10],"tags":[],"class_list":["post-471","post","type-post","status-publish","format-standard","has-post-thumbnail","hentry","category-novice","category-prva-stran"],"_links":{"self":[{"href":"https:\/\/vrtec-skofije.si\/index.php?rest_route=\/wp\/v2\/posts\/471","targetHints":{"allow":["GET"]}}],"collection":[{"href":"https:\/\/vrtec-skofije.si\/index.php?rest_route=\/wp\/v2\/posts"}],"about":[{"href":"https:\/\/vrtec-skofije.si\/index.php?rest_route=\/wp\/v2\/types\/post"}],"author":[{"embeddable":true,"href":"https:\/\/vrtec-skofije.si\/index.php?rest_route=\/wp\/v2\/users\/58769"}],"replies":[{"embeddable":true,"href":"https:\/\/vrtec-skofije.si\/index.php?rest_route=%2Fwp%2Fv2%2Fcomments&post=471"}],"version-history":[{"count":1,"href":"https:\/\/vrtec-skofije.si\/index.php?rest_route=\/wp\/v2\/posts\/471\/revisions"}],"predecessor-version":[{"id":474,"href":"https:\/\/vrtec-skofije.si\/index.php?rest_route=\/wp\/v2\/posts\/471\/revisions\/474"}],"wp:featuredmedia":[{"embeddable":true,"href":"https:\/\/vrtec-skofije.si\/index.php?rest_route=\/wp\/v2\/media\/472"}],"wp:attachment":[{"href":"https:\/\/vrtec-skofije.si\/index.php?rest_route=%2Fwp%2Fv2%2Fmedia&parent=471"}],"wp:term":[{"taxonomy":"category","embeddable":true,"href":"https:\/\/vrtec-skofije.si\/index.php?rest_route=%2Fwp%2Fv2%2Fcategories&post=471"},{"taxonomy":"post_tag","embeddable":true,"href":"https:\/\/vrtec-skofije.si\/index.php?rest_route=%2Fwp%2Fv2%2Ftags&post=471"}],"curies":[{"name":"wp","href":"https:\/\/api.w.org\/{rel}","templated":true}]}}