{"id":551,"date":"2025-01-31T15:46:01","date_gmt":"2025-01-31T14:46:01","guid":{"rendered":"https:\/\/vrtecskofije.splet.arnes.si\/?p=551"},"modified":"2025-04-28T11:38:55","modified_gmt":"2025-04-28T09:38:55","slug":"jogijski-dan","status":"publish","type":"post","link":"https:\/\/vrtec-skofije.si\/?p=551","title":{"rendered":"Jogijski dan"},"content":{"rendered":"<p>Mesec januar je \u010das za predelavo vseh svojih ob\u010dutenj, ki smo jih do\u017eivljali v preteklem letu. \u010cas za umirjanje in spro\u0161\u010danje svojega telesa in seveda \u010das, ko se podamo novim dogodiv\u0161\u010dinam naproti.<\/p>\n<p>V vrtcu je v mesecu januarju v vseh osmih skupinah potekala eno-urna otro\u0161ka pravlji\u010dna joga, kjer so otroci spoznali razli\u010dne na\u010dine in tehnike umirjanja, spoznali so razli\u010dne polo\u017eaje za koncentracijo, ravnote\u017eje, koordinacijo (asane) ter u\u017eivali ob bo\u017eanju in cartanju svojih prijateljev in skozi pli\u0161aste igra\u010de ter preko drugih pripomo\u010dkov in vaj razvijali \u010duje\u010dnost.<\/p>\n<p><img loading=\"lazy\" decoding=\"async\" class=\"alignnone wp-image-552 size-large\" src=\"https:\/\/vrtec-skofije.si\/files\/2025\/02\/1738845281589-1024x768.jpeg\" alt=\"\" width=\"887\" height=\"665\" srcset=\"https:\/\/vrtec-skofije.si\/files\/2025\/02\/1738845281589-1024x768.jpeg 1024w, https:\/\/vrtec-skofije.si\/files\/2025\/02\/1738845281589-300x225.jpeg 300w, https:\/\/vrtec-skofije.si\/files\/2025\/02\/1738845281589-768x576.jpeg 768w, https:\/\/vrtec-skofije.si\/files\/2025\/02\/1738845281589-1536x1152.jpeg 1536w, https:\/\/vrtec-skofije.si\/files\/2025\/02\/1738845281589-947x710.jpeg 947w, https:\/\/vrtec-skofije.si\/files\/2025\/02\/1738845281589-624x468.jpeg 624w, https:\/\/vrtec-skofije.si\/files\/2025\/02\/1738845281589.jpeg 2048w\" sizes=\"auto, (max-width: 887px) 100vw, 887px\" \/><\/p>\n","protected":false},"excerpt":{"rendered":"<p>Mesec januar je \u010das za predelavo vseh svojih ob\u010dutenj, ki smo jih do\u017eivljali v preteklem letu. \u010cas za umirjanje in spro\u0161\u010danje svojega telesa in seveda \u010das, ko se podamo novim [&hellip;]<\/p>\n","protected":false},"author":58769,"featured_media":552,"comment_status":"open","ping_status":"open","sticky":false,"template":"","format":"standard","meta":{"ngg_post_thumbnail":0,"footnotes":""},"categories":[8,10],"tags":[],"class_list":["post-551","post","type-post","status-publish","format-standard","has-post-thumbnail","hentry","category-novice","category-prva-stran"],"_links":{"self":[{"href":"https:\/\/vrtec-skofije.si\/index.php?rest_route=\/wp\/v2\/posts\/551","targetHints":{"allow":["GET"]}}],"collection":[{"href":"https:\/\/vrtec-skofije.si\/index.php?rest_route=\/wp\/v2\/posts"}],"about":[{"href":"https:\/\/vrtec-skofije.si\/index.php?rest_route=\/wp\/v2\/types\/post"}],"author":[{"embeddable":true,"href":"https:\/\/vrtec-skofije.si\/index.php?rest_route=\/wp\/v2\/users\/58769"}],"replies":[{"embeddable":true,"href":"https:\/\/vrtec-skofije.si\/index.php?rest_route=%2Fwp%2Fv2%2Fcomments&post=551"}],"version-history":[{"count":2,"href":"https:\/\/vrtec-skofije.si\/index.php?rest_route=\/wp\/v2\/posts\/551\/revisions"}],"predecessor-version":[{"id":554,"href":"https:\/\/vrtec-skofije.si\/index.php?rest_route=\/wp\/v2\/posts\/551\/revisions\/554"}],"wp:featuredmedia":[{"embeddable":true,"href":"https:\/\/vrtec-skofije.si\/index.php?rest_route=\/wp\/v2\/media\/552"}],"wp:attachment":[{"href":"https:\/\/vrtec-skofije.si\/index.php?rest_route=%2Fwp%2Fv2%2Fmedia&parent=551"}],"wp:term":[{"taxonomy":"category","embeddable":true,"href":"https:\/\/vrtec-skofije.si\/index.php?rest_route=%2Fwp%2Fv2%2Fcategories&post=551"},{"taxonomy":"post_tag","embeddable":true,"href":"https:\/\/vrtec-skofije.si\/index.php?rest_route=%2Fwp%2Fv2%2Ftags&post=551"}],"curies":[{"name":"wp","href":"https:\/\/api.w.org\/{rel}","templated":true}]}}