{"id":609,"date":"2025-03-11T17:25:55","date_gmt":"2025-03-11T16:25:55","guid":{"rendered":"https:\/\/vrtecskofije.splet.arnes.si\/?p=609"},"modified":"2025-04-28T11:37:12","modified_gmt":"2025-04-28T09:37:12","slug":"sodelovanje-na-likovnem-natecaju-z-naslovom-bodi-umetnik-igraj-se-z-mano","status":"publish","type":"post","link":"https:\/\/vrtec-skofije.si\/?p=609","title":{"rendered":"SODELOVANJE NA LIKOVNEM NATE\u010cAJU Z NASLOVOM BODI UMETNIK &#8220;IGRAJ SE Z MANO&#8221;"},"content":{"rendered":"<p>Na leto\u0161njemu 18. mednarodnemu likovnemu nate\u010daju <strong>Bodi umetnik \u00abIgraj se z mano\u00ab<\/strong> sta deli sodelujo\u010dih otrok iz skupine \u017dabe &#8211; Nicky Fatori\u010d, 3 leta (Loviva de\u017ene kaplje) in David \u010culum, 4 leta (Zaupanje in mir- Mandala miru) pod mentorstvom Maje Peric in somentorstvom Belme Mutnica bili izbrani za razstavo v Koro\u0161ki galeriji likovnih umetnosti v Slovenj Gradcu, ki bo potekala dne 26. 03. 2025.<\/p>\n<p>Na leto\u0161nji nate\u010daj Bodi umetnik &#8220;Igraj se z mano&#8221; je prispelo preko 6500 likovnih del, sodelovalo je 15 dr\u017eav (Slovenija, Hrva\u0161ka, Srbija, Severna Makedonija, Ukrajina, Hong Kong &#8211; Kitajska, Kanada, Estonija, Latvija, \u0160panija, Luksemburg, Maroko, Kosovo, Mad\u017earska, Indija).<\/p>\n<p><strong>Iskreno \u010destitamo malima umetnikoma!<\/strong><\/p>\n<p><img loading=\"lazy\" decoding=\"async\" class=\"alignnone size-medium wp-image-610\" src=\"https:\/\/vrtec-skofije.si\/files\/2025\/03\/IMG_20250226_114243-196x300.jpg\" alt=\"\" width=\"196\" height=\"300\" srcset=\"https:\/\/vrtec-skofije.si\/files\/2025\/03\/IMG_20250226_114243-196x300.jpg 196w, https:\/\/vrtec-skofije.si\/files\/2025\/03\/IMG_20250226_114243.jpg 392w\" sizes=\"auto, (max-width: 196px) 100vw, 196px\" \/> <img loading=\"lazy\" decoding=\"async\" class=\"alignnone size-medium wp-image-611\" src=\"https:\/\/vrtec-skofije.si\/files\/2025\/03\/IMG_20250226_114223-196x300.jpg\" alt=\"\" width=\"196\" height=\"300\" srcset=\"https:\/\/vrtec-skofije.si\/files\/2025\/03\/IMG_20250226_114223-196x300.jpg 196w, https:\/\/vrtec-skofije.si\/files\/2025\/03\/IMG_20250226_114223.jpg 391w\" sizes=\"auto, (max-width: 196px) 100vw, 196px\" \/><\/p>\n","protected":false},"excerpt":{"rendered":"<p>Na leto\u0161njemu 18. mednarodnemu likovnemu nate\u010daju Bodi umetnik \u00abIgraj se z mano\u00ab sta deli sodelujo\u010dih otrok iz skupine \u017dabe &#8211; Nicky Fatori\u010d, 3 leta (Loviva de\u017ene kaplje) in David \u010culum, [&hellip;]<\/p>\n","protected":false},"author":58769,"featured_media":483,"comment_status":"open","ping_status":"open","sticky":false,"template":"","format":"standard","meta":{"ngg_post_thumbnail":0,"footnotes":""},"categories":[8,10],"tags":[],"class_list":["post-609","post","type-post","status-publish","format-standard","has-post-thumbnail","hentry","category-novice","category-prva-stran"],"_links":{"self":[{"href":"https:\/\/vrtec-skofije.si\/index.php?rest_route=\/wp\/v2\/posts\/609","targetHints":{"allow":["GET"]}}],"collection":[{"href":"https:\/\/vrtec-skofije.si\/index.php?rest_route=\/wp\/v2\/posts"}],"about":[{"href":"https:\/\/vrtec-skofije.si\/index.php?rest_route=\/wp\/v2\/types\/post"}],"author":[{"embeddable":true,"href":"https:\/\/vrtec-skofije.si\/index.php?rest_route=\/wp\/v2\/users\/58769"}],"replies":[{"embeddable":true,"href":"https:\/\/vrtec-skofije.si\/index.php?rest_route=%2Fwp%2Fv2%2Fcomments&post=609"}],"version-history":[{"count":3,"href":"https:\/\/vrtec-skofije.si\/index.php?rest_route=\/wp\/v2\/posts\/609\/revisions"}],"predecessor-version":[{"id":614,"href":"https:\/\/vrtec-skofije.si\/index.php?rest_route=\/wp\/v2\/posts\/609\/revisions\/614"}],"wp:featuredmedia":[{"embeddable":true,"href":"https:\/\/vrtec-skofije.si\/index.php?rest_route=\/wp\/v2\/media\/483"}],"wp:attachment":[{"href":"https:\/\/vrtec-skofije.si\/index.php?rest_route=%2Fwp%2Fv2%2Fmedia&parent=609"}],"wp:term":[{"taxonomy":"category","embeddable":true,"href":"https:\/\/vrtec-skofije.si\/index.php?rest_route=%2Fwp%2Fv2%2Fcategories&post=609"},{"taxonomy":"post_tag","embeddable":true,"href":"https:\/\/vrtec-skofije.si\/index.php?rest_route=%2Fwp%2Fv2%2Ftags&post=609"}],"curies":[{"name":"wp","href":"https:\/\/api.w.org\/{rel}","templated":true}]}}