{"id":686,"date":"2025-04-10T11:58:15","date_gmt":"2025-04-10T09:58:15","guid":{"rendered":"https:\/\/vrtecskofije.splet.arnes.si\/?p=686"},"modified":"2025-11-05T12:06:08","modified_gmt":"2025-11-05T11:06:08","slug":"3-pohod-pot-k-izviru-reke-hubelj","status":"publish","type":"post","link":"https:\/\/vrtec-skofije.si\/?p=686","title":{"rendered":"3. POHOD: Pot k izviru reke Hubelj"},"content":{"rendered":"<p style=\"text-align: justify\">V soboto, 5.4.2025, smo opravili \u0161e 3. pohod v okviru Pohodnega kro\u017eka. Tokrat smo se odpravili po poti k izviru reke Hubelj v Ajdov\u0161\u010dini.<\/p>\n<p style=\"text-align: justify\">Dobili smo se na parkiri\u0161\u010du pri \u0160portnem centru Police, od tam pa smo krenili proti cilju. Sprva smo se sprehodili po naselju do \u0160portnega parka Pale, od tam pa po gozdni u\u010dni poti proti izviru reke Hubelj. Po poti smo s pomo\u010djo u\u010dnih tabel spoznavali drevesa, ki rastejo ob poti in sprehodili smo se tudi po vise\u010dem mostu. Za nazaj smo se odpravili po cesti, nekateri pa po isti poti.<\/p>\n<p style=\"text-align: justify\">Vreme je bilo fantasti\u010dno, tako da smo v pomlad lahko pogumno zakorakali in naredili nekaj za na\u0161e dobro po\u010dutje. 3 x hura za nas!!!<\/p>\n<p style=\"text-align: right\">Vzgojiteljici Ana Vilhar in Petra Ora\u017eem<\/p>\nngg_shortcode_0_placeholder\n","protected":false},"excerpt":{"rendered":"<p>V soboto, 5.4.2025, smo opravili \u0161e 3. pohod v okviru Pohodnega kro\u017eka. Tokrat smo se odpravili po poti k izviru reke Hubelj v Ajdov\u0161\u010dini. Dobili smo se na parkiri\u0161\u010du pri [&hellip;]<\/p>\n","protected":false},"author":58769,"featured_media":693,"comment_status":"open","ping_status":"open","sticky":false,"template":"","format":"standard","meta":{"ngg_post_thumbnail":0,"footnotes":""},"categories":[8],"tags":[],"class_list":["post-686","post","type-post","status-publish","format-standard","has-post-thumbnail","hentry","category-novice"],"_links":{"self":[{"href":"https:\/\/vrtec-skofije.si\/index.php?rest_route=\/wp\/v2\/posts\/686","targetHints":{"allow":["GET"]}}],"collection":[{"href":"https:\/\/vrtec-skofije.si\/index.php?rest_route=\/wp\/v2\/posts"}],"about":[{"href":"https:\/\/vrtec-skofije.si\/index.php?rest_route=\/wp\/v2\/types\/post"}],"author":[{"embeddable":true,"href":"https:\/\/vrtec-skofije.si\/index.php?rest_route=\/wp\/v2\/users\/58769"}],"replies":[{"embeddable":true,"href":"https:\/\/vrtec-skofije.si\/index.php?rest_route=%2Fwp%2Fv2%2Fcomments&post=686"}],"version-history":[{"count":1,"href":"https:\/\/vrtec-skofije.si\/index.php?rest_route=\/wp\/v2\/posts\/686\/revisions"}],"predecessor-version":[{"id":694,"href":"https:\/\/vrtec-skofije.si\/index.php?rest_route=\/wp\/v2\/posts\/686\/revisions\/694"}],"wp:featuredmedia":[{"embeddable":true,"href":"https:\/\/vrtec-skofije.si\/index.php?rest_route=\/wp\/v2\/media\/693"}],"wp:attachment":[{"href":"https:\/\/vrtec-skofije.si\/index.php?rest_route=%2Fwp%2Fv2%2Fmedia&parent=686"}],"wp:term":[{"taxonomy":"category","embeddable":true,"href":"https:\/\/vrtec-skofije.si\/index.php?rest_route=%2Fwp%2Fv2%2Fcategories&post=686"},{"taxonomy":"post_tag","embeddable":true,"href":"https:\/\/vrtec-skofije.si\/index.php?rest_route=%2Fwp%2Fv2%2Ftags&post=686"}],"curies":[{"name":"wp","href":"https:\/\/api.w.org\/{rel}","templated":true}]}}