{"id":696,"date":"2025-04-14T12:21:38","date_gmt":"2025-04-14T10:21:38","guid":{"rendered":"https:\/\/vrtecskofije.splet.arnes.si\/?p=696"},"modified":"2025-04-28T12:30:03","modified_gmt":"2025-04-28T10:30:03","slug":"cakalni-seznam-za-sprejem-otrok-v-vrtec","status":"publish","type":"post","link":"https:\/\/vrtec-skofije.si\/?p=696","title":{"rendered":"\u010cakalni seznam za sprejem otrok v vrtec"},"content":{"rendered":"<p>Spo\u0161tovani star\u0161i,<\/p>\n<p>sporo\u010damo vam, da je oblikovan prednostni in \u010dakalni seznam o opisu otrok v vrtce mestne ob\u010dine Koper.&nbsp;<br \/>\nDo seznama dostopate s klikom na povezavo:<\/p>\n<ul>\n<li><a href=\"https:\/\/vrtec-skofije.si\/files\/2025\/04\/Prednostni-seznam-Vrtec-1.pdf\">Prednostni seznam za vpis v vrtec<\/a><\/li>\n<li><a href=\"https:\/\/vrtec-skofije.si\/files\/2025\/04\/Cakalni-seznam.pdf\">\u010cakalni seznam<\/a><\/li>\n<\/ul>\n<p><img loading=\"lazy\" decoding=\"async\" class=\"wp-image-284 aligncenter\" src=\"https:\/\/vrtec-skofije.si\/files\/2025\/02\/otroci2-300x188.png\" alt=\"\" width=\"220\" height=\"138\" srcset=\"https:\/\/vrtec-skofije.si\/files\/2025\/02\/otroci2-300x188.png 300w, https:\/\/vrtec-skofije.si\/files\/2025\/02\/otroci2.png 411w\" sizes=\"auto, (max-width: 220px) 100vw, 220px\" \/><\/p>\n","protected":false},"excerpt":{"rendered":"<p>Spo\u0161tovani star\u0161i, sporo\u010damo vam, da je oblikovan prednostni in \u010dakalni seznam o opisu otrok v vrtce mestne ob\u010dine Koper.&nbsp; Do seznama dostopate s klikom na povezavo: Prednostni seznam za vpis [&hellip;]<\/p>\n","protected":false},"author":58769,"featured_media":546,"comment_status":"open","ping_status":"open","sticky":false,"template":"","format":"standard","meta":{"ngg_post_thumbnail":0,"footnotes":""},"categories":[2,10],"tags":[],"class_list":["post-696","post","type-post","status-publish","format-standard","has-post-thumbnail","hentry","category-obvestila","category-prva-stran"],"_links":{"self":[{"href":"https:\/\/vrtec-skofije.si\/index.php?rest_route=\/wp\/v2\/posts\/696","targetHints":{"allow":["GET"]}}],"collection":[{"href":"https:\/\/vrtec-skofije.si\/index.php?rest_route=\/wp\/v2\/posts"}],"about":[{"href":"https:\/\/vrtec-skofije.si\/index.php?rest_route=\/wp\/v2\/types\/post"}],"author":[{"embeddable":true,"href":"https:\/\/vrtec-skofije.si\/index.php?rest_route=\/wp\/v2\/users\/58769"}],"replies":[{"embeddable":true,"href":"https:\/\/vrtec-skofije.si\/index.php?rest_route=%2Fwp%2Fv2%2Fcomments&post=696"}],"version-history":[{"count":2,"href":"https:\/\/vrtec-skofije.si\/index.php?rest_route=\/wp\/v2\/posts\/696\/revisions"}],"predecessor-version":[{"id":700,"href":"https:\/\/vrtec-skofije.si\/index.php?rest_route=\/wp\/v2\/posts\/696\/revisions\/700"}],"wp:featuredmedia":[{"embeddable":true,"href":"https:\/\/vrtec-skofije.si\/index.php?rest_route=\/wp\/v2\/media\/546"}],"wp:attachment":[{"href":"https:\/\/vrtec-skofije.si\/index.php?rest_route=%2Fwp%2Fv2%2Fmedia&parent=696"}],"wp:term":[{"taxonomy":"category","embeddable":true,"href":"https:\/\/vrtec-skofije.si\/index.php?rest_route=%2Fwp%2Fv2%2Fcategories&post=696"},{"taxonomy":"post_tag","embeddable":true,"href":"https:\/\/vrtec-skofije.si\/index.php?rest_route=%2Fwp%2Fv2%2Ftags&post=696"}],"curies":[{"name":"wp","href":"https:\/\/api.w.org\/{rel}","templated":true}]}}