{"id":705,"date":"2025-04-15T12:42:18","date_gmt":"2025-04-15T10:42:18","guid":{"rendered":"https:\/\/vrtecskofije.splet.arnes.si\/?p=705"},"modified":"2025-04-28T12:47:24","modified_gmt":"2025-04-28T10:47:24","slug":"kulturni-kovcek-2025-potovanje-v-svet-umetnosti","status":"publish","type":"post","link":"https:\/\/vrtec-skofije.si\/?p=705","title":{"rendered":"KULTURNI KOV\u010cEK 2025 \u2013 POTOVANJE V SVET UMETNOSTI"},"content":{"rendered":"<p style=\"text-align: justify\">Leto\u0161nji Kulturni kov\u010dek 2025 je bil poln raznolikih dejavnosti, ki so otrokom omogo\u010dile raziskovanje sveta umetnosti in kulture.<\/p>\n<p style=\"text-align: justify\">Izvedli smo \u0161est skupnih dejavnosti, ki so vklju\u010devale pogovore, ustvarjalne delavnice, glasbene nastope in umetni\u0161karazstava.<br \/>\nPrvi dogodek je bila okrogla miza na temo slovenskega kulturnega praznika. Otroci vseh skupin so se zbrali v ve\u010dnamenskem prostoru, kjer so starej\u0161i razvijali pogovor na temo slovenskega kulturnega praznika. Kljub manj\u0161i zgovornosti kot obi\u010dajno so najstarej\u0161i otroci pogumno sodelovali in premagali uvodno zadr\u017eanost.<\/p>\n<p style=\"text-align: justify\">Zelo uspe\u0161na je bila tudi reprodukcija slik Joana Miroja, pri kateri so sodelovale vse skupine. Mlaj\u0161i otroci so ustvarjali skupinsko, starej\u0161i pa individualno, nekateri so celo poskusili reproducirati ve\u010d slik. Razstava teh del je bila odli\u010dno sprejeta \u2013 otroci so si jo lahko ogledali skupaj s star\u0161i ob prijetni instrumentalni glasbi, kar je ustvarilo vtis prave galerije. Galerijo so obiskali tudi \u0161olarji, njena impresivnost pa nas je prepri\u010dala, da smo jo pustili na ogled do konca meseca marca.<\/p>\n<p style=\"text-align: justify\">Prireditev so popestrili tudi glasbeni nastopi. Pevski zbor in \u0161olarji, z razli\u010dnimi glasbili pod mentorstvom Valentine Vo\u010danec Bari\u010di\u010d so pripravili prijeten koncert. Zaradi odsotnosti nekaterih otrok smo zdru\u017eili nastop s programom &#8220;Skupine se predstavijo&#8221;, kar je dogodek naredilo \u0161e bolj dinami\u010den.<\/p>\n<p style=\"text-align: justify\">Posebno do\u017eivetje so nam pripravili profesorji glasbenih \u0161ol Koper, Izola in Piran, ki so predstavili razli\u010dna trobila in izvedli koncert otro\u0161kih pesmi. Glasbeniki so obiskali tudi najmlaj\u0161e skupine ter jim popestrili dan z znanimi melodijami. V primerjavi z lansko prireditvijo so pokazali ve\u010d samozavesti pri poimenovanju instrumentov, kar dokazuje, da tak\u0161ni dogodki pomembno prispevajo k utrjevanju njihovega znanja. Dogodek je koordinirala Ana Vilhar.<\/p>\n<p style=\"text-align: justify\">Zaklju\u010dili smo z dramsko igro &#8220;Zgodbe s podstre\u0161ja&#8221; v izvedbi Dramskega kro\u017eka, pod mentorstvom Maje Prudi\u010d. Udele\u017eili so se je tako otroci iz vrtca kot \u0161olarji, kar je ustvarilo povezujo\u010de vzdu\u0161je. Najmlaj\u0161im je predstava ponudila novo kulturno izku\u0161njo, \u0161olarjem pa prilo\u017enost za izra\u017eanje in pridobivanje samozavesti. Otroci so s svojim zglednim vedenjem pokazali spo\u0161tovanje do nastopajo\u010dih in pozorno spremljali dogajanje.<\/p>\n<p style=\"text-align: justify\">Kulturni kov\u010dek 2025 je bil tako \u0161e en dokaz, da tovrstni projekti ne bogatijo le znanja, temve\u010d tudi spodbujajo sodelovanje, ustvarjalnost in utrjujejo medgeneracijske vezi.<\/p>\n<p style=\"text-align: right\">Koordinatorica Kulturnega kov\u010dka: Sonja Ferfolja<\/p>\nngg_shortcode_0_placeholder\n","protected":false},"excerpt":{"rendered":"<p>Leto\u0161nji Kulturni kov\u010dek 2025 je bil poln raznolikih dejavnosti, ki so otrokom omogo\u010dile raziskovanje sveta umetnosti in kulture. Izvedli smo \u0161est skupnih dejavnosti, ki so vklju\u010devale pogovore, ustvarjalne delavnice, glasbene [&hellip;]<\/p>\n","protected":false},"author":58769,"featured_media":723,"comment_status":"open","ping_status":"open","sticky":false,"template":"","format":"standard","meta":{"ngg_post_thumbnail":0,"footnotes":""},"categories":[8,10],"tags":[],"class_list":["post-705","post","type-post","status-publish","format-standard","has-post-thumbnail","hentry","category-novice","category-prva-stran"],"_links":{"self":[{"href":"https:\/\/vrtec-skofije.si\/index.php?rest_route=\/wp\/v2\/posts\/705","targetHints":{"allow":["GET"]}}],"collection":[{"href":"https:\/\/vrtec-skofije.si\/index.php?rest_route=\/wp\/v2\/posts"}],"about":[{"href":"https:\/\/vrtec-skofije.si\/index.php?rest_route=\/wp\/v2\/types\/post"}],"author":[{"embeddable":true,"href":"https:\/\/vrtec-skofije.si\/index.php?rest_route=\/wp\/v2\/users\/58769"}],"replies":[{"embeddable":true,"href":"https:\/\/vrtec-skofije.si\/index.php?rest_route=%2Fwp%2Fv2%2Fcomments&post=705"}],"version-history":[{"count":1,"href":"https:\/\/vrtec-skofije.si\/index.php?rest_route=\/wp\/v2\/posts\/705\/revisions"}],"predecessor-version":[{"id":724,"href":"https:\/\/vrtec-skofije.si\/index.php?rest_route=\/wp\/v2\/posts\/705\/revisions\/724"}],"wp:featuredmedia":[{"embeddable":true,"href":"https:\/\/vrtec-skofije.si\/index.php?rest_route=\/wp\/v2\/media\/723"}],"wp:attachment":[{"href":"https:\/\/vrtec-skofije.si\/index.php?rest_route=%2Fwp%2Fv2%2Fmedia&parent=705"}],"wp:term":[{"taxonomy":"category","embeddable":true,"href":"https:\/\/vrtec-skofije.si\/index.php?rest_route=%2Fwp%2Fv2%2Fcategories&post=705"},{"taxonomy":"post_tag","embeddable":true,"href":"https:\/\/vrtec-skofije.si\/index.php?rest_route=%2Fwp%2Fv2%2Ftags&post=705"}],"curies":[{"name":"wp","href":"https:\/\/api.w.org\/{rel}","templated":true}]}}