{"id":827,"date":"2025-05-23T02:06:11","date_gmt":"2025-05-23T00:06:11","guid":{"rendered":"https:\/\/vrtecskofije.splet.arnes.si\/?p=827"},"modified":"2025-11-05T12:08:22","modified_gmt":"2025-11-05T11:08:22","slug":"dan-prijateljstva-igre-in-kodiranja-z-mtiny-jem-in-prijatelji-iz-ankarana","status":"publish","type":"post","link":"https:\/\/vrtec-skofije.si\/?p=827","title":{"rendered":"DAN PRIJATELJSTVA, IGRE IN KODIRANJA Z MTINY-JEM IN PRIJATELJI IZ ANKARANA"},"content":{"rendered":"<p>V vrtcu \u0160kofije smo gostili otroke iz vrtca Ankaran in skupaj pre\u017eiveli \u010dudovit dan, poln dru\u017eenja, ustvarjalnosti in raziskovanja. Sre\u010danje smo za\u010deli s kratkim kulturnim programom, v katerem so se otroci predstavili drug drugemu \u2013 s pesmijo, plesom in nasmehi so hitro premagali za\u010detno tremo.<\/p>\n<p>Sledile so raznolike delavnice, v katerih so otroci aktivno sodelovali in pri tem presegli meje med na\u0161im in gostujo\u010dim vrtcem. U\u017eivali so v gibalnih in \u0161portnih igrah, ustvarjanju iz testa, raziskovalnih in dru\u017eabnih igrah ter v kra\u0161enju \u00bbkamen\u010dka prijateljstva\u00ab \u2013 simbola povezovanja in sprejemanja.<\/p>\n<p>Posebno pozornost je pritegnila delavnica, namenjena spodbujanju ra\u010dunalni\u0161kega mi\u0161ljenja. Otroci so se prek igre z izobra\u017eevalnim robotkom mTiny na preprost in zabaven na\u010din seznanjali s temelji kodiranja in programiranja. Delavnica je bila plod na\u0161ega sodelovanja v&nbsp; raziskovalnem projektu Ra\u010dek, v katerega je na\u0161 vrtec aktivno vklju\u010den. Navdu\u0161enje otrok nad tehnologijo, ki spodbuja logi\u010dno razmi\u0161ljanje in re\u0161evanje problemov, je bilo nalezljivo!<\/p>\n<p>Dan je minil v prijetnem in spro\u0161\u010denem vzdu\u0161ju. Otroci so se igrivo dru\u017eili in spletali nova prijateljstva, vzgojitelji pa smo medtem izmenjevali dobre prakse in ideje.<\/p>\n<p>Po pogostitvi so se otroci iz Ankarana odpravili nazaj proti svojemu vrtcu, mi pa smo z nasmehom na obrazu zbirali vtise in ugotavljali, kako dragocena so tovrstna sre\u010danja.<\/p>\n<p>ngg_shortcode_0_placeholder<img loading=\"lazy\" decoding=\"async\" class=\"alignnone wp-image-840 size-large\" src=\"https:\/\/vrtec-skofije.si\/files\/2025\/06\/Logotip-racek-vrtec-1024x95.png\" alt=\"\" width=\"887\" height=\"82\" srcset=\"https:\/\/vrtec-skofije.si\/files\/2025\/06\/Logotip-racek-vrtec-1024x95.png 1024w, https:\/\/vrtec-skofije.si\/files\/2025\/06\/Logotip-racek-vrtec-300x28.png 300w, https:\/\/vrtec-skofije.si\/files\/2025\/06\/Logotip-racek-vrtec-768x71.png 768w, https:\/\/vrtec-skofije.si\/files\/2025\/06\/Logotip-racek-vrtec-1536x143.png 1536w, https:\/\/vrtec-skofije.si\/files\/2025\/06\/Logotip-racek-vrtec-947x88.png 947w, https:\/\/vrtec-skofije.si\/files\/2025\/06\/Logotip-racek-vrtec-624x58.png 624w, https:\/\/vrtec-skofije.si\/files\/2025\/06\/Logotip-racek-vrtec.png 1668w\" sizes=\"auto, (max-width: 887px) 100vw, 887px\" \/><\/p>\n<p><em>\u010clanek je nastal v okviru projekta RA\u010cek, ki ga sofinancirata Republika Slovenija, Ministrstvo za vzgojo in izobra\u017eevanje ter Evropska unija \u2013 NextGenerationEU. Projekt se izvaja skladno z Na\u010drtom za okrevanje in odpornost v okviru razvojnega podro\u010dja Pametna, trajnostna in vklju\u010dujo\u010da rast, komponente: Krepitev kompetenc, zlasti digitalnih in tistih, ki jih zahtevajo novi poklici in zeleni prehod, za ukrep investicije E: Celovita transformacija (trajnost in odpornost) zelenega in digitalnega izobra\u017eevanja.<\/em><\/p>\n","protected":false},"excerpt":{"rendered":"<p>V vrtcu \u0160kofije smo gostili otroke iz vrtca Ankaran in skupaj pre\u017eiveli \u010dudovit dan, poln dru\u017eenja, ustvarjalnosti in raziskovanja. Sre\u010danje smo za\u010deli s kratkim kulturnim programom, v katerem so se [&hellip;]<\/p>\n","protected":false},"author":58769,"featured_media":841,"comment_status":"open","ping_status":"open","sticky":false,"template":"","format":"standard","meta":{"ngg_post_thumbnail":0,"footnotes":""},"categories":[8],"tags":[],"class_list":["post-827","post","type-post","status-publish","format-standard","has-post-thumbnail","hentry","category-novice"],"_links":{"self":[{"href":"https:\/\/vrtec-skofije.si\/index.php?rest_route=\/wp\/v2\/posts\/827","targetHints":{"allow":["GET"]}}],"collection":[{"href":"https:\/\/vrtec-skofije.si\/index.php?rest_route=\/wp\/v2\/posts"}],"about":[{"href":"https:\/\/vrtec-skofije.si\/index.php?rest_route=\/wp\/v2\/types\/post"}],"author":[{"embeddable":true,"href":"https:\/\/vrtec-skofije.si\/index.php?rest_route=\/wp\/v2\/users\/58769"}],"replies":[{"embeddable":true,"href":"https:\/\/vrtec-skofije.si\/index.php?rest_route=%2Fwp%2Fv2%2Fcomments&post=827"}],"version-history":[{"count":2,"href":"https:\/\/vrtec-skofije.si\/index.php?rest_route=\/wp\/v2\/posts\/827\/revisions"}],"predecessor-version":[{"id":843,"href":"https:\/\/vrtec-skofije.si\/index.php?rest_route=\/wp\/v2\/posts\/827\/revisions\/843"}],"wp:featuredmedia":[{"embeddable":true,"href":"https:\/\/vrtec-skofije.si\/index.php?rest_route=\/wp\/v2\/media\/841"}],"wp:attachment":[{"href":"https:\/\/vrtec-skofije.si\/index.php?rest_route=%2Fwp%2Fv2%2Fmedia&parent=827"}],"wp:term":[{"taxonomy":"category","embeddable":true,"href":"https:\/\/vrtec-skofije.si\/index.php?rest_route=%2Fwp%2Fv2%2Fcategories&post=827"},{"taxonomy":"post_tag","embeddable":true,"href":"https:\/\/vrtec-skofije.si\/index.php?rest_route=%2Fwp%2Fv2%2Ftags&post=827"}],"curies":[{"name":"wp","href":"https:\/\/api.w.org\/{rel}","templated":true}]}}