{"id":855,"date":"2025-06-01T02:45:51","date_gmt":"2025-06-01T00:45:51","guid":{"rendered":"https:\/\/vrtecskofije.splet.arnes.si\/?p=855"},"modified":"2025-11-05T12:05:45","modified_gmt":"2025-11-05T11:05:45","slug":"pohod-na-kokosko","status":"publish","type":"post","link":"https:\/\/vrtec-skofije.si\/?p=855","title":{"rendered":"POHOD NA KOKO\u0160KO"},"content":{"rendered":"<p>V soboto, 31.5. 2025, opravili smo 4. pohod v okviru Pohodnega kro\u017eka. Za zadnji pohod smo se povzpeli na Koko\u0161ko.<\/p>\n<p>Dobili smo se v Vrhpolju, v bli\u017eini cerkve Sv.Toma\u017ea, od tam pa krenili proti cilju po gozdni poti. Na vrhu nas je pri\u010dakala odprta ko\u010da, kjer smo se v sen\u010dki najprej okrep\u010dali. Nato smo pogumnim pohodnikom razdelile \u017eige v pohodne knji\u017eice in tokrat je vsak dobil \u0161e medaljo za opravljene pohode. Sledilo je skupno fotografiranje ter nato odhod nazaj. Ker pa je bilo vreme enkratno, so se nekateri odlo\u010dili \u0161e malo ostati in \u0161e malo u\u017eivati \u200b\u200bv dopoldnevu.<\/p>\n<p>Hvala otrokom in star\u0161em, da so si ob sobotah vzeli \u010das in se skupaj z nami odpravili na pohode ter da bodo otroci \u0161e naprej vzgajali v tej smeri in spodbujali h gibanju v naravi.<\/p>\n<p style=\"text-align: right\">Vzgojiteljici: Ana Vilhar in Monika Jerman<\/p>\nngg_shortcode_0_placeholder\n","protected":false},"excerpt":{"rendered":"<p>V soboto, 31.5. 2025, opravili smo 4. pohod v okviru Pohodnega kro\u017eka. Za zadnji pohod smo se povzpeli na Koko\u0161ko. Dobili smo se v Vrhpolju, v bli\u017eini cerkve Sv.Toma\u017ea, od [&hellip;]<\/p>\n","protected":false},"author":58769,"featured_media":864,"comment_status":"open","ping_status":"open","sticky":false,"template":"","format":"standard","meta":{"ngg_post_thumbnail":0,"footnotes":""},"categories":[8],"tags":[],"class_list":["post-855","post","type-post","status-publish","format-standard","has-post-thumbnail","hentry","category-novice"],"_links":{"self":[{"href":"https:\/\/vrtec-skofije.si\/index.php?rest_route=\/wp\/v2\/posts\/855","targetHints":{"allow":["GET"]}}],"collection":[{"href":"https:\/\/vrtec-skofije.si\/index.php?rest_route=\/wp\/v2\/posts"}],"about":[{"href":"https:\/\/vrtec-skofije.si\/index.php?rest_route=\/wp\/v2\/types\/post"}],"author":[{"embeddable":true,"href":"https:\/\/vrtec-skofije.si\/index.php?rest_route=\/wp\/v2\/users\/58769"}],"replies":[{"embeddable":true,"href":"https:\/\/vrtec-skofije.si\/index.php?rest_route=%2Fwp%2Fv2%2Fcomments&post=855"}],"version-history":[{"count":2,"href":"https:\/\/vrtec-skofije.si\/index.php?rest_route=\/wp\/v2\/posts\/855\/revisions"}],"predecessor-version":[{"id":866,"href":"https:\/\/vrtec-skofije.si\/index.php?rest_route=\/wp\/v2\/posts\/855\/revisions\/866"}],"wp:featuredmedia":[{"embeddable":true,"href":"https:\/\/vrtec-skofije.si\/index.php?rest_route=\/wp\/v2\/media\/864"}],"wp:attachment":[{"href":"https:\/\/vrtec-skofije.si\/index.php?rest_route=%2Fwp%2Fv2%2Fmedia&parent=855"}],"wp:term":[{"taxonomy":"category","embeddable":true,"href":"https:\/\/vrtec-skofije.si\/index.php?rest_route=%2Fwp%2Fv2%2Fcategories&post=855"},{"taxonomy":"post_tag","embeddable":true,"href":"https:\/\/vrtec-skofije.si\/index.php?rest_route=%2Fwp%2Fv2%2Ftags&post=855"}],"curies":[{"name":"wp","href":"https:\/\/api.w.org\/{rel}","templated":true}]}}