{"id":906,"date":"2025-09-19T18:29:02","date_gmt":"2025-09-19T16:29:02","guid":{"rendered":"https:\/\/vrtecskofije.splet.arnes.si\/?p=906"},"modified":"2025-10-03T18:32:15","modified_gmt":"2025-10-03T16:32:15","slug":"pravila-vrtca-glede-uporabe-igrisca-in-popoldanske-malice","status":"publish","type":"post","link":"https:\/\/vrtec-skofije.si\/?p=906","title":{"rendered":"Pravila vrtca glede uporabe igri\u0161\u010da in popoldanske malice"},"content":{"rendered":"<p>Spo\u0161tovani star\u0161i\/skrbniki.<\/p>\n<p>Po zaklju\u010denem uvajalnem obdobju, ki je tako dobro potekal tudi zahvaljujo\u010d vam, bi vas radi opomnili na nekatera pravila vrtca, ki so ob\u010dasno prezrta.<\/p>\n<ul>\n<li>Zadr\u017eevanje na vrt\u010devskem igri\u0161\u010du, enkrat ko prevzamete otroka, ni dovoljeno. Igri\u0161\u010de je namenjeno otrokom, ki so pod nadzorom in vodstvom strokovnih delavk. Prav tako ni dovoljeno zadr\u017eevanje na igri\u0161\u010du z \u017eivalskimi ljubljen\u010dki.<\/li>\n<li>Otroci, ki so vklju\u010deni v celodnevni program so upravi\u010deni tudi do popoldanske malice. V skladu s smernicami prenovljenega Kurikuluma, ki nam narekuje skrb za zdravje otrok in je prepleteno z na\u010delom trajnostnega razvoja, imamo organizirano tudi popoldansko malico, ki poteka podobno kot dopoldanska. \u0160e ve\u010d pozornosti, kot doslej, namenjamo trajnostnemu razvoju, zato ne nabavljamo ve\u010d porcijskih \u017eivil (sokovi 2 dcl, jogurti v mali embala\u017ei, grisini, krekerji, ri\u017eevi vaflji in podobne izdelke), razen sadja. Otroci imajo po kosilu po\u010ditek, ki traja razli\u010dno dolgo, glede na starost in posebnosti otroka. Po po\u010ditku imajo popoldansko malico, ki poteka umirjeno, za mizo &#8211; tako kot dopoldanska, z namenom, da jo otroci pojejo v vrtcu, ne pa nosijo domov. Izjemoma bomo otrokom, ko se star\u0161em mudi in ne morejo po\u010dakati, da otrok v miru poje malico, le -to dali s seboj, vendar le, \u010de bo to izvedljivo. To pa so le porcijsko predhodno pakirana \u017eivila in sadje.<\/li>\n<\/ul>\n<p style=\"text-align: right\">Hvala za razumevanje in sodelovanje.<\/p>\n<p style=\"text-align: right\">Pomo\u010dnica ravnateljice, Karmen Mekota in organizatorka prehrane, Nika Renko<\/p>\n","protected":false},"excerpt":{"rendered":"<p>Spo\u0161tovani star\u0161i\/skrbniki. Po zaklju\u010denem uvajalnem obdobju, ki je tako dobro potekal tudi zahvaljujo\u010d vam, bi vas radi opomnili na nekatera pravila vrtca, ki so ob\u010dasno prezrta. Zadr\u017eevanje na vrt\u010devskem igri\u0161\u010du, [&hellip;]<\/p>\n","protected":false},"author":58769,"featured_media":431,"comment_status":"open","ping_status":"open","sticky":false,"template":"","format":"standard","meta":{"ngg_post_thumbnail":0,"footnotes":""},"categories":[2],"tags":[],"class_list":["post-906","post","type-post","status-publish","format-standard","has-post-thumbnail","hentry","category-obvestila"],"_links":{"self":[{"href":"https:\/\/vrtec-skofije.si\/index.php?rest_route=\/wp\/v2\/posts\/906","targetHints":{"allow":["GET"]}}],"collection":[{"href":"https:\/\/vrtec-skofije.si\/index.php?rest_route=\/wp\/v2\/posts"}],"about":[{"href":"https:\/\/vrtec-skofije.si\/index.php?rest_route=\/wp\/v2\/types\/post"}],"author":[{"embeddable":true,"href":"https:\/\/vrtec-skofije.si\/index.php?rest_route=\/wp\/v2\/users\/58769"}],"replies":[{"embeddable":true,"href":"https:\/\/vrtec-skofije.si\/index.php?rest_route=%2Fwp%2Fv2%2Fcomments&post=906"}],"version-history":[{"count":1,"href":"https:\/\/vrtec-skofije.si\/index.php?rest_route=\/wp\/v2\/posts\/906\/revisions"}],"predecessor-version":[{"id":907,"href":"https:\/\/vrtec-skofije.si\/index.php?rest_route=\/wp\/v2\/posts\/906\/revisions\/907"}],"wp:featuredmedia":[{"embeddable":true,"href":"https:\/\/vrtec-skofije.si\/index.php?rest_route=\/wp\/v2\/media\/431"}],"wp:attachment":[{"href":"https:\/\/vrtec-skofije.si\/index.php?rest_route=%2Fwp%2Fv2%2Fmedia&parent=906"}],"wp:term":[{"taxonomy":"category","embeddable":true,"href":"https:\/\/vrtec-skofije.si\/index.php?rest_route=%2Fwp%2Fv2%2Fcategories&post=906"},{"taxonomy":"post_tag","embeddable":true,"href":"https:\/\/vrtec-skofije.si\/index.php?rest_route=%2Fwp%2Fv2%2Ftags&post=906"}],"curies":[{"name":"wp","href":"https:\/\/api.w.org\/{rel}","templated":true}]}}